{"id":930150,"date":"2025-05-09T16:52:00","date_gmt":"2025-05-09T14:52:00","guid":{"rendered":"https:\/\/gradski.me\/uncategorized\/alcazar-energy-prepoznajemo-zabrinutost-mjestana-gornje-brezne-preduzimamo-korektivne-mjere\/"},"modified":"2025-05-09T16:52:00","modified_gmt":"2025-05-09T14:52:00","slug":"alcazar-energy-prepoznajemo-zabrinutost-mjestana-gornje-brezne-preduzimamo-korektivne-mjere","status":"publish","type":"post","link":"https:\/\/gradski.me\/en\/ekonomija\/alcazar-energy-prepoznajemo-zabrinutost-mjestana-gornje-brezne-preduzimamo-korektivne-mjere\/","title":{"rendered":"Alcazar Energy: Prepoznajemo zabrinutost mje\u0161tana Gornje Brezne, preduzimamo korektivne mjere"},"content":{"rendered":"<p><\/p>\n\n\n\n<p>\u201cAlcazar Energy prepoznaje zabrinutost koje su izrazili stanovnici u vezi sa predlo\u017eenim dalekovodom povezanim sa vjetroelektranom, uklju\u010duju\u0107i i one koje se odnose na pristup zemlji\u0161tu radi obavljanja terenskih istra\u017eivanja. Te probleme shvatamo ozbiljno, preduzimamo korektivne mjere i posve\u0107eni smo njihovom efikasnom rje\u0161avanju, transparentno i sa uva\u017eavanjem\u201d, istaklu su u saop\u0161tenju.<\/p>\n\n\n\n<p>Podsjetimo, mje\u0161tani Gornje Brezne oglasili su se ju\u010de saop\u0161tenjem u kojem navode da su geometri koje je anga\u017eovala kompanija Vjetropark \u201cBijela\u201d prije nekoliko dana neovla\u0161teno, bez znanja i saglasnosti vlasnika ulazili na imanja i vr\u0161ili mjerenja, na trasi dalekovoda koji treba da spoji vjetropark u \u0161avni\u010dkoj op\u0161tini sa trafostnicom u Gornjoj Brezna.<\/p>\n\n\n\n<p>\u201cAlcazar Energy je me\u0111unarodna kompanija u sektoru obnovljivih izvora energije, vo\u0111ena najvi\u0161im ekolo\u0161kim, pravnim i dru\u0161tvenim standardima. Na\u0161e iskustvo obuhvata vi\u0161e od decenije rada u vi\u0161e zemalja, kroz realizaciju projekata \u010diste energije koji donose dugoro\u010dne benefite kako ljudima tako i planeti. Na svakom tr\u017ei\u0161tu, uklju\u010duju\u0107i i Crnu Goru, slu\u0161amo, sara\u0111ujemo i prilago\u0111avamo se. Na\u0161a investicija u Crnu Goru \u2014 u iznosu od pribli\u017eno 200 miliona eura \u2014 me\u0111u najve\u0107ima je u sektoru obnovljive energije u zemlji. Ova investicija \u0107e stvoriti radna mjesta, generisati \u010distu elektri\u010dnu energiju koja \u0107e biti isporu\u010dena nacionalnoj mre\u017ei, dovoljno da napaja oko 16.000 doma\u0107instava, i smanjiti emisiju ugljen-dioksida na nacionalnom nivou za vi\u0161e od 230.000 tona godi\u0161nje. Osim energetskih benefita, projekat podr\u017eava dugoro\u010dnu integraciju Crne Gore u energetsko tr\u017ei\u0161te EU i ja\u010da njen polo\u017eaj kao regionalnog centra za odr\u017eivi razvoj\u201d, poru\u010dili su iz kompanije.<\/p>\n\n\n\n<p>Kako dodaju, kao dio stalne posve\u0107enosti primjeni najboljih ESG praksi, Alcazar Energy je odr\u017eao javnu raspravu o Procjeni uticaja na \u017eivotnu sredinu (PU\u017dS) za vjetroelektranu Bijela u op\u0161tini Plu\u017eine, 8. maja 2025. godine, kojoj su prisustvovali i stanovnici Gornje Brezne.<\/p>\n\n\n\n<p>\u201cAlcazar Energy prepoznaje zabrinutost koje su izrazili stanovnici u vezi sa predlo\u017eenim dalekovodom povezanim sa vjetroelektranom, uklju\u010duju\u0107i i one koje se odnose na pristup zemlji\u0161tu radi obavljanja terenskih istra\u017eivanja. Te probleme shvatamo ozbiljno, preduzimamo korektivne mjere i posve\u0107eni smo njihovom efikasnom rje\u0161avanju, transparentno i sa uva\u017eavanjem. Alcazar Energy proaktivno razmatra sve mogu\u0107e alternative kako bi se umanjio bilo kakav uticaj na lokalne zajednice, uz o\u010duvanje prirodnog pejza\u017ea i omogu\u0107avanje daljeg razvoja odr\u017eivog turizma u regionu, kao \u0161to su najsavremenija rje\u0161enja za dalekovode, dizajnirana da zna\u010dajno smanje vizuelni uticaj\u201d, navodi se u saop\u0161tenju.<\/p>\n\n\n\n<p>Poru\u010duju da ostaju u potpunosti posve\u0107eni bliskoj saradnji sa svim relevantnim akterima kako bi vjetroelektrana Bijela bila u skladu sa o\u010dekivanjima i najboljim interesima stanovnika Gornje Brezne.<\/p>\n\n\n\n<p>\u201cZajedno gradimo \u010distiju i otporniju energetsku budu\u0107nost Crne Gore\u201d, zaklju\u010duje se u saop\u0161tenju.<\/p>","protected":false},"excerpt":{"rendered":"<p>Alcazar Energy prepoznaje povratne informacije zajednice u Gornjoj Brezni u vezi sa vjetroelektranom Bijela i potvr\u0111uje svoju posve\u0107enost transparentnosti i bliskoj saradnji sa lokalnim zajednicama kako bi omogu\u0107ila odr\u017eivu i odgovornu tranziciju ka \u010distoj energiji u Crnoj Gori, naveli su u saop\u0161tenju.<\/p>","protected":false},"author":16,"featured_media":922058,"comment_status":"open","ping_status":"open","sticky":false,"template":"","format":"standard","meta":{"_acf_changed":false,"footnotes":"","jetpack_publicize_message":"","jetpack_publicize_feature_enabled":true,"jetpack_social_post_already_shared":false,"jetpack_social_options":{"image_generator_settings":{"template":"highway","default_image_id":0,"font":"","enabled":false},"version":2}},"categories":[8],"tags":[25703,3156,25632],"naslovna":[],"class_list":["post-930150","post","type-post","status-publish","format-standard","has-post-thumbnail","hentry","category-ekonomija","tag-alcazar-energy","tag-gornja-brezna","tag-vjetroelektrana"],"acf":[],"jetpack_publicize_connections":[],"_links":{"self":[{"href":"https:\/\/gradski.me\/en\/wp-json\/wp\/v2\/posts\/930150","targetHints":{"allow":["GET"]}}],"collection":[{"href":"https:\/\/gradski.me\/en\/wp-json\/wp\/v2\/posts"}],"about":[{"href":"https:\/\/gradski.me\/en\/wp-json\/wp\/v2\/types\/post"}],"author":[{"embeddable":true,"href":"https:\/\/gradski.me\/en\/wp-json\/wp\/v2\/users\/16"}],"replies":[{"embeddable":true,"href":"https:\/\/gradski.me\/en\/wp-json\/wp\/v2\/comments?post=930150"}],"version-history":[{"count":0,"href":"https:\/\/gradski.me\/en\/wp-json\/wp\/v2\/posts\/930150\/revisions"}],"wp:featuredmedia":[{"embeddable":true,"href":"https:\/\/gradski.me\/en\/wp-json\/wp\/v2\/media\/922058"}],"wp:attachment":[{"href":"https:\/\/gradski.me\/en\/wp-json\/wp\/v2\/media?parent=930150"}],"wp:term":[{"taxonomy":"category","embeddable":true,"href":"https:\/\/gradski.me\/en\/wp-json\/wp\/v2\/categories?post=930150"},{"taxonomy":"post_tag","embeddable":true,"href":"https:\/\/gradski.me\/en\/wp-json\/wp\/v2\/tags?post=930150"},{"taxonomy":"naslovna","embeddable":true,"href":"https:\/\/gradski.me\/en\/wp-json\/wp\/v2\/naslovna?post=930150"}],"curies":[{"name":"wp","href":"https:\/\/api.w.org\/{rel}","templated":true}]}}