{"id":930036,"date":"2025-05-09T08:43:00","date_gmt":"2025-05-09T06:43:00","guid":{"rendered":"https:\/\/gradski.me\/uncategorized\/kordic-crna-gora-posvecena-principima-odrzivog-razvoja\/"},"modified":"2025-05-09T08:43:00","modified_gmt":"2025-05-09T06:43:00","slug":"kordic-crna-gora-posvecena-principima-odrzivog-razvoja","status":"publish","type":"post","link":"https:\/\/gradski.me\/en\/drustvo\/kordic-crna-gora-posvecena-principima-odrzivog-razvoja\/","title":{"rendered":"Kordi\u0107: Crna Gora posve\u0107ena principima odr\u017eivog razvoja"},"content":{"rendered":"<p>\u201ePostavka govori o odr\u017eivom razvoju i sinergiji izme\u0111u prirode i arhitekture. Ona insistira na elementu odr\u017eivosti, \u0161to je na kraju osnovni princip koji je neophodan za svaki uspje\u0161an poduhvat\u201c, rekla je Kordi\u0107 na sve\u010danom otvaranju crnogorskog paviljona na Bijenalu.<\/p>\n\n\n\n<p>Ona je dodala da je koncept razvoja turizma u Crnoj Gori zasnovan na koheziji prirode, tradicije i umjetnosti.<\/p>\n\n\n\n<p>\u201eUjedno, to je jedna od zna\u010dajnijih komparativnih prednosti Crne Gore, i klju\u010dni dio njenog turisti\u010dkog identiteta\u201c, poru\u010dila je Kordi\u0107.<\/p>\n\n\n\n<p>U\u010de\u0161\u0107e Crne Gore na Bijenalu potvr\u0111uje opredijeljenost dr\u017eave ka razvoju kulture, o\u010duvanju autenti\u010dnosti prostora i promociji Crne Gore kao atraktivne i odr\u017eive destinacije na globalnoj mapi savremenih kulturnih i turisti\u010dkih kretanja.<\/p>\n\n\n\n<p><\/p>","protected":false},"excerpt":{"rendered":"<p>Izlo\u017ebena postavka crnogorskog paviljona na Bijenalu arhitekture u Veneciji predstavlja sna\u017enu poruku o posve\u0107enosti Crne Gore principima odr\u017eivog razvoja, saop\u0161tila je ministar turizma Simonida Kordi\u0107.<\/p>","protected":false},"author":18,"featured_media":915110,"comment_status":"open","ping_status":"open","sticky":false,"template":"","format":"standard","meta":{"_acf_changed":false,"footnotes":"","jetpack_publicize_message":"","jetpack_publicize_feature_enabled":true,"jetpack_social_post_already_shared":false,"jetpack_social_options":{"image_generator_settings":{"template":"highway","default_image_id":0,"font":"","enabled":false},"version":2}},"categories":[9],"tags":[11720,631],"naslovna":[],"class_list":["post-930036","post","type-post","status-publish","format-standard","has-post-thumbnail","hentry","category-drustvo","tag-bijenale","tag-simonida-kordic"],"acf":[],"jetpack_publicize_connections":[],"_links":{"self":[{"href":"https:\/\/gradski.me\/en\/wp-json\/wp\/v2\/posts\/930036","targetHints":{"allow":["GET"]}}],"collection":[{"href":"https:\/\/gradski.me\/en\/wp-json\/wp\/v2\/posts"}],"about":[{"href":"https:\/\/gradski.me\/en\/wp-json\/wp\/v2\/types\/post"}],"author":[{"embeddable":true,"href":"https:\/\/gradski.me\/en\/wp-json\/wp\/v2\/users\/18"}],"replies":[{"embeddable":true,"href":"https:\/\/gradski.me\/en\/wp-json\/wp\/v2\/comments?post=930036"}],"version-history":[{"count":0,"href":"https:\/\/gradski.me\/en\/wp-json\/wp\/v2\/posts\/930036\/revisions"}],"wp:featuredmedia":[{"embeddable":true,"href":"https:\/\/gradski.me\/en\/wp-json\/wp\/v2\/media\/915110"}],"wp:attachment":[{"href":"https:\/\/gradski.me\/en\/wp-json\/wp\/v2\/media?parent=930036"}],"wp:term":[{"taxonomy":"category","embeddable":true,"href":"https:\/\/gradski.me\/en\/wp-json\/wp\/v2\/categories?post=930036"},{"taxonomy":"post_tag","embeddable":true,"href":"https:\/\/gradski.me\/en\/wp-json\/wp\/v2\/tags?post=930036"},{"taxonomy":"naslovna","embeddable":true,"href":"https:\/\/gradski.me\/en\/wp-json\/wp\/v2\/naslovna?post=930036"}],"curies":[{"name":"wp","href":"https:\/\/api.w.org\/{rel}","templated":true}]}}