{"id":929946,"date":"2025-05-08T18:47:00","date_gmt":"2025-05-08T16:47:00","guid":{"rendered":"https:\/\/gradski.me\/uncategorized\/otvoren-crnogorski-paviljon-na-bijenalu-arhitekture-u-veneciji\/"},"modified":"2025-05-08T18:47:00","modified_gmt":"2025-05-08T16:47:00","slug":"otvoren-crnogorski-paviljon-na-bijenalu-arhitekture-u-veneciji","status":"publish","type":"post","link":"https:\/\/gradski.me\/en\/kultura\/otvoren-crnogorski-paviljon-na-bijenalu-arhitekture-u-veneciji\/","title":{"rendered":"Otvoren crnogorski paviljon na Bijenalu arhitekture u Veneciji"},"content":{"rendered":"<p><\/p>\n\n\n\n<p><\/p>\n\n\n\n<p><\/p>\n\n\n\n<p>Istakao je da Crna Gora tim nastupom nastavlja tradiciju u\u010de\u0161\u0107a na presti\u017enom arhitektonskom forumu i potvr\u0111uje svoj kreativni potencijal.<\/p>\n\n\n\n<p>On je podsjetio na temu paviljona \u2013 Terram intelligere: INTERSTITIUM (Razumjeti zemlju), koja arhitekturu sagledava u \u0161irem, simboli\u010dkom kontekstu \u2013 kao most izme\u0111u \u010dovjeka i prirode, pro\u0161losti i budu\u0107nosti, nauke i umjetnosti, saop\u0161tilo je Ministarstvo.<\/p>\n\n\n\n<p>Radunovi\u0107 je rekao da ovaj projekat nije samo umjetni\u010dki i nau\u010dni poduhvat, ve\u0107 i poruka o odgovornosti i povezanosti, uputio poruku da, bez obzira na &#8222;granice koje nas dijele, svi dijelimo istu zemlju&#8220;, te da je razumijevanje zemlje klju\u010d \u010dovjekovog opstanka.<\/p>\n\n\n\n<p>Posjetiocima su se obratile i kustoskinja nastupa dr Miljana Zekovi\u0107 i komesarka Mirjana \u0110uri\u0161i\u0107.<\/p>","protected":false},"excerpt":{"rendered":"<p>Ministar prostornog planiranja, urbanizma i dr\u017eavne imovine Slaven Radunovi\u0107 otvorio je ve\u010deras crnogorski paviljon na 19. Bijenalu arhitekture u Veneciji.<\/p>","protected":false},"author":5,"featured_media":929947,"comment_status":"open","ping_status":"open","sticky":false,"template":"","format":"standard","meta":{"_acf_changed":false,"footnotes":"","jetpack_publicize_message":"","jetpack_publicize_feature_enabled":true,"jetpack_social_post_already_shared":false,"jetpack_social_options":{"image_generator_settings":{"template":"highway","default_image_id":0,"font":"","enabled":false},"version":2}},"categories":[11],"tags":[11720,188,25646,5029],"naslovna":[],"class_list":["post-929946","post","type-post","status-publish","format-standard","has-post-thumbnail","hentry","category-kultura","tag-bijenale","tag-crna-gora","tag-paviljon","tag-venecija"],"acf":[],"jetpack_publicize_connections":[],"_links":{"self":[{"href":"https:\/\/gradski.me\/en\/wp-json\/wp\/v2\/posts\/929946","targetHints":{"allow":["GET"]}}],"collection":[{"href":"https:\/\/gradski.me\/en\/wp-json\/wp\/v2\/posts"}],"about":[{"href":"https:\/\/gradski.me\/en\/wp-json\/wp\/v2\/types\/post"}],"author":[{"embeddable":true,"href":"https:\/\/gradski.me\/en\/wp-json\/wp\/v2\/users\/5"}],"replies":[{"embeddable":true,"href":"https:\/\/gradski.me\/en\/wp-json\/wp\/v2\/comments?post=929946"}],"version-history":[{"count":0,"href":"https:\/\/gradski.me\/en\/wp-json\/wp\/v2\/posts\/929946\/revisions"}],"wp:featuredmedia":[{"embeddable":true,"href":"https:\/\/gradski.me\/en\/wp-json\/wp\/v2\/media\/929947"}],"wp:attachment":[{"href":"https:\/\/gradski.me\/en\/wp-json\/wp\/v2\/media?parent=929946"}],"wp:term":[{"taxonomy":"category","embeddable":true,"href":"https:\/\/gradski.me\/en\/wp-json\/wp\/v2\/categories?post=929946"},{"taxonomy":"post_tag","embeddable":true,"href":"https:\/\/gradski.me\/en\/wp-json\/wp\/v2\/tags?post=929946"},{"taxonomy":"naslovna","embeddable":true,"href":"https:\/\/gradski.me\/en\/wp-json\/wp\/v2\/naslovna?post=929946"}],"curies":[{"name":"wp","href":"https:\/\/api.w.org\/{rel}","templated":true}]}}