{"id":929670,"date":"2025-05-07T17:51:00","date_gmt":"2025-05-07T15:51:00","guid":{"rendered":"https:\/\/gradski.me\/uncategorized\/u-podgorici-odrzana-prezentacija-o-uticaju-alergenog-polena-na-zdravlje-djece\/"},"modified":"2025-05-07T17:51:00","modified_gmt":"2025-05-07T15:51:00","slug":"u-podgorici-odrzana-prezentacija-o-uticaju-alergenog-polena-na-zdravlje-djece","status":"publish","type":"post","link":"https:\/\/gradski.me\/en\/podgorica\/u-podgorici-odrzana-prezentacija-o-uticaju-alergenog-polena-na-zdravlje-djece\/","title":{"rendered":"U Podgorici odr\u017eana prezentacija o uticaju alergenog polena na zdravlje djece"},"content":{"rendered":"<p><\/p>\n\n\n\n<p>Tom prilikom djeci, je kroz interaktivan pristup, predstavljena metoda uzorkovanja alergenog polena. Metodologija uzorkovanja polena suspendovanog u vazduhu je standardizovana metoda u aerobiolo\u0161kim istra\u017eivanjima, i ista je u svim zemljama Evrope.<\/p>\n\n\n\n<p>Aeropolen se sakuplja kontinuiranom volumetrijskom metodom (Hirst, 1952) u trajanju od sedam dana, u specijalnim ure\u0111ajima tzv. \u201eklopkama\u201c. Ure\u0111aj obuhvata uticaje u vazduhu, respektivno, najvi\u0161e 50 km u pre\u010dniku.<\/p>\n\n\n\n<p>Iz sedmodnevnog uzorka standardnom metodologijom izra\u0111uju se dnevni uzorci koji se mikroskopiraju u laboratoriji. Mikroskopiranjem vr\u0161i se identifikacija polena 27 biljnih vrsta: lijeska, jova, tisa\/\u010dempresi, brijest, topola, javor, vrba, jasen, breza, grab, bukva, platan, orah, hrast, borovi\/jele, maslina, \u017eivica, konoplja, trave, lipa, bokvica, kiselica, koprive, \u0161tirovim, pelin, ambrozija. Nakon kvalitativnog i kvantitativnog pregleda polena suspendovanog u vazduhu rezultati se izra\u017eavaju u koncentracijama broj zrna\/m3.<\/p>\n\n\n\n<p>Na osnovu koncentracije polena u vazduhu tako\u0111e, se izra\u0111uje izvje\u0161taj \u201esemafor\u201c za odre\u0111eno podru\u010dje.<\/p>\n\n\n\n<p>Izvje\u0161taji \u201esemafor\u201c za svaki grad, kao i podaci o alergenim biljkama i drugi podaci dostupni su na sajtu Agencije: http:\/\/www.polen.org.me\/.<br>Agencija za za\u0161titu \u017eivotne sredine, potpisala je ugovor o sufinansiranju u okviru Interreg VI-A IPA Programa Hrvatska \u2013 Bosna i Hercegovina \u2013 Crna Gora 2021\u2013 2027 za projekat AllerShield (HR-BA-ME00225). U pomenutom projektu, Agencija za za\u0161titu \u017eivotne sredine u\u010destvuje zajedno sa partnerima iz Hrvatske, Zavodom za javno zdravstvo iz Zadra i JNU Institut za za\u0161titu i ekologiju iz Banja Luke. Projekat ima za cilj, pro\u0161irenje mre\u017ee za pra\u0107enje koncentracija alergenog polena i spre\u010davanje daljeg \u0161irenja alergenih biljaka i invazivnih stranih vrsta na projektnim podru\u010djima.<\/p>\n\n\n\n<p>Nakon odr\u017eane prezentacije, djeci su od strane zaposlenih u Agenciji za za\u0161titu \u017eivotne sredine uru\u010deni namjenski i edukativni pokloni: majice,ruksaci, kape, pernice i sl., a sa upravom \u0161kole dogovoreni su budu\u0107i oblici saradnje.<\/p>","protected":false},"excerpt":{"rendered":"<p>U podgori\u010dkoj \u0161koli ,Milorad Musa Burzan\u201c danas je odr\u017eana edukativna radionica na temu: ,,Monitoringa alergenog polena, i uticaj alergenog polena na zdravlje djece\u201d. Prezentaciju posve\u0107enu ovoj veoma zna\u010dajnoj ekolo\u0161koj temi, imali su: mr Sonja Kralj i mr Kasim Agovi\u0107 savjetnici u Agenciji za za\u0161titu \u017eivotne sredine.<\/p>","protected":false},"author":5,"featured_media":929671,"comment_status":"open","ping_status":"open","sticky":false,"template":"","format":"standard","meta":{"_acf_changed":false,"footnotes":"","jetpack_publicize_message":"","jetpack_publicize_feature_enabled":true,"jetpack_social_post_already_shared":false,"jetpack_social_options":{"image_generator_settings":{"template":"highway","default_image_id":0,"font":"","enabled":false},"version":2}},"categories":[6],"tags":[25542,1919,25543,1427],"naslovna":[],"class_list":["post-929670","post","type-post","status-publish","format-standard","has-post-thumbnail","hentry","category-podgorica","tag-alergeni","tag-djeca","tag-polen","tag-radionica"],"acf":[],"jetpack_publicize_connections":[],"_links":{"self":[{"href":"https:\/\/gradski.me\/en\/wp-json\/wp\/v2\/posts\/929670","targetHints":{"allow":["GET"]}}],"collection":[{"href":"https:\/\/gradski.me\/en\/wp-json\/wp\/v2\/posts"}],"about":[{"href":"https:\/\/gradski.me\/en\/wp-json\/wp\/v2\/types\/post"}],"author":[{"embeddable":true,"href":"https:\/\/gradski.me\/en\/wp-json\/wp\/v2\/users\/5"}],"replies":[{"embeddable":true,"href":"https:\/\/gradski.me\/en\/wp-json\/wp\/v2\/comments?post=929670"}],"version-history":[{"count":0,"href":"https:\/\/gradski.me\/en\/wp-json\/wp\/v2\/posts\/929670\/revisions"}],"wp:featuredmedia":[{"embeddable":true,"href":"https:\/\/gradski.me\/en\/wp-json\/wp\/v2\/media\/929671"}],"wp:attachment":[{"href":"https:\/\/gradski.me\/en\/wp-json\/wp\/v2\/media?parent=929670"}],"wp:term":[{"taxonomy":"category","embeddable":true,"href":"https:\/\/gradski.me\/en\/wp-json\/wp\/v2\/categories?post=929670"},{"taxonomy":"post_tag","embeddable":true,"href":"https:\/\/gradski.me\/en\/wp-json\/wp\/v2\/tags?post=929670"},{"taxonomy":"naslovna","embeddable":true,"href":"https:\/\/gradski.me\/en\/wp-json\/wp\/v2\/naslovna?post=929670"}],"curies":[{"name":"wp","href":"https:\/\/api.w.org\/{rel}","templated":true}]}}