{"id":929442,"date":"2025-05-06T17:59:00","date_gmt":"2025-05-06T15:59:00","guid":{"rendered":"https:\/\/gradski.me\/uncategorized\/epcg-raskida-ugovor-sa-ruskim-biznismenom-samizom-tvrde-da-ne-postuje-ugovor\/"},"modified":"2025-05-06T17:59:00","modified_gmt":"2025-05-06T15:59:00","slug":"epcg-raskida-ugovor-sa-ruskim-biznismenom-samizom-tvrde-da-ne-postuje-ugovor","status":"publish","type":"post","link":"https:\/\/gradski.me\/en\/ekonomija\/epcg-raskida-ugovor-sa-ruskim-biznismenom-samizom-tvrde-da-ne-postuje-ugovor\/","title":{"rendered":"EPCG raskida ugovor sa ruskim biznismenom \u0160amizom, tvrde da ne po\u0161tuje ugovor"},"content":{"rendered":"<p><\/p>\n\n\n\n<p>Od pokretanja proizvodnje \u010delika u nik\u0161i\u0107koj \u017eeljezari, kako sada stvari stoje, ne\u0107e biti ni\u0161ta. Kompanija 8 B kapital, ruskog biznismena Igora \u0160amiza ve\u0107 sedam mjeseci ne upla\u0107uje ni centa zakupa za pogone \u010deli\u010dane i kova\u010dnice.<\/p>\n\n\n\n<p>Slijedi jednostrani raskid ugovora poru\u010duju iz Eelektroprivrede Crne Gore jer je \u0160amiz imao dovoljno vremena da ispuni svoje obaveze.<\/p>\n\n\n\n<p>&#8222;Zna\u010di on odredbe ugovora nije ispo\u0161tovao. Mi smo ve\u0107 do\u0161li u tu fazu da nema vi\u0161e prolongiranja rokova i da pokre\u0107emo postupak raskida ugovora sa tako nedogvornim ponu\u0111a\u010dem. Mi \u010dak i danas imali uvjeravanja da je preko banke uplatio sredstva, me\u0111utim nakon na\u0161e provjere ta informacija nije ta\u010dna&#8220;, rekao je direktor FC Proizvodnja, Miro Vra\u010dar.<\/p>\n\n\n\n<p>\u0160amiz nije ispo\u0161tovao ni odredbe ugovora koji se ti\u010du zapo\u0161ljvanja oko 150 radnika \u017deljezare za privh \u0161est mjeseci.<\/p>\n\n\n\n<p>Sve to ukazuje da se radi o nepouzdanom investitoru, na \u0161ta su, ka\u017eu u sindikatu, od po\u010detka sumnjali i upozoravali.<\/p>\n\n\n\n<p>&#8222;Smatramo da gospodin \u0160amiz ne treba vi\u0161e da bude tema razgovora. Ne samo na\u0161ih, nego svih u dr\u017eavi, jer ako poka\u017eemo da neko mo\u017ee da do\u0111e iz inostranstva da ne pla\u0107a dr\u017eavnu imovinu, a da je koristi, kakvu mi poruku \u0161aljemo onda ostalim investitorima koji planiraju da do\u0111u Crnu Goru&#8220;, rekao je predsjendik sindikata EPCG \u017eeljezare Nik\u0161i\u0107 Ivan Vujovi\u0107.<\/p>\n\n\n\n<p>Dok je \u0160amiz na izlaznim vratima, za pri\u010du o prozvodnji \u010delika, novim investorima i modelima saradnje rano je govriti isti\u010de Vra\u010dar. Ipak i za njih i za Sindikat je va\u017eno da radnici ne ispa\u0161taju.<\/p>\n\n\n\n<p>&#8222;Na\u0161 plan B je da \u0107e radnici \u017eeljezare biti uposleni. Oni \u0107e biti produktivni radnici na ovim projektima koji imamo iz dijela obnoviljivih izvora energije i solarnih elektrana&#8220;, rekao je direktor FC Proizvodnja, Miro Vra\u010dar.<br>.<br>Predsjednik sindikata EPCG \u017eeljezare Nik\u0161i\u0107 Ivan Vujovi\u0107 ka\u017ee da su oni tu da opominju savkoga da moramo da ostanemo ovdje, da li \u0107e to biti proizvodnja \u010delika ili bilo koji drugi posao.<br><br>&#8222;Smatram da \u017eeljezara nije problem. Problem je jednostavno dovo\u0111enje investitora koji su u zadnjih 30 godina svaki put jadili dr\u017eavu, a fabriku ostavljali na cjedilu, a radnike na ulici&#8220;, rekao je Vujovi\u0107.<\/p>\n\n\n\n<p>\u0160ta o odluci menad\u017ementa Elektroprivrede misli, \u0160amiz nam je kratko porukom odgovorio da \u0107e o tome biti u prilici da pri\u010da u narednih desetak dana.<\/p>\n\n\n\n<p>Ruski biznismen je ve\u0107 jednom bio u upravlja\u010dkim strukturama \u017deljezare, 2004. godine je\u00a0 bio jedan od vlasnika Midland grupe koja je za 1.000 eura kupila ve\u0107inski dio u fabrici \u010delika, da bi nakon dvije godine napustila \u017eeljezaru i ostavila skoro 3 miuliona eura poreskog duga.<a href=\"https:\/\/play.google.com\/store\/apps\/details?id=me.rtcg\" target=\"_blank\" rel=\"noreferrer noopener\"><\/a><a href=\"https:\/\/apps.apple.com\/us\/app\/rtcg\/id1400067551\" target=\"_blank\" rel=\"noreferrer noopener\"><\/a><\/p>\n\n\n\n<p><a target=\"_blank\" href=\"https:\/\/play.google.com\/store\/apps\/details?id=me.rtcg\" rel=\"noreferrer noopener\"><\/a><a target=\"_blank\" href=\"https:\/\/apps.apple.com\/us\/app\/rtcg\/id1400067551\" rel=\"noreferrer noopener\"><\/a><\/p>","protected":false},"excerpt":{"rendered":"<p>Stekli su se uslovi da EPCG pokrene postupak jednostranog raskida ugovora sa firmom 8 B kapital, ruskog biznismena Igora \u0160amiza, zbog nepo\u0161tovanja ugovora o zakupu \u010deli\u010dane i kova\u010dnice. Potvr\u0111eno je to Televiziji Crne Gore iz menad\u017ementa elektroprivrede. \u0160amiz duguje ve\u0107 sedam mjese\u010dnih zakupnina u ukupnom iznosu od oko 210.000 eura, a ne po\u0161tuje ni djelove ugovora koji se ti\u010du zapo\u0161ljavanja radnika \u017eeljezare.<\/p>","protected":false},"author":4,"featured_media":929443,"comment_status":"open","ping_status":"open","sticky":false,"template":"","format":"standard","meta":{"_acf_changed":false,"footnotes":"","jetpack_publicize_message":"","jetpack_publicize_feature_enabled":true,"jetpack_social_post_already_shared":false,"jetpack_social_options":{"image_generator_settings":{"template":"highway","default_image_id":0,"font":"","enabled":false},"version":2}},"categories":[8],"tags":[836,25462,25463,25464,25465],"naslovna":[],"class_list":["post-929442","post","type-post","status-publish","format-standard","has-post-thumbnail","hentry","category-ekonomija","tag-epcg","tag-nepostovanje-dogovora","tag-raskid-ugovora","tag-ruski-biznismen","tag-samiz"],"acf":[],"jetpack_publicize_connections":[],"_links":{"self":[{"href":"https:\/\/gradski.me\/en\/wp-json\/wp\/v2\/posts\/929442","targetHints":{"allow":["GET"]}}],"collection":[{"href":"https:\/\/gradski.me\/en\/wp-json\/wp\/v2\/posts"}],"about":[{"href":"https:\/\/gradski.me\/en\/wp-json\/wp\/v2\/types\/post"}],"author":[{"embeddable":true,"href":"https:\/\/gradski.me\/en\/wp-json\/wp\/v2\/users\/4"}],"replies":[{"embeddable":true,"href":"https:\/\/gradski.me\/en\/wp-json\/wp\/v2\/comments?post=929442"}],"version-history":[{"count":0,"href":"https:\/\/gradski.me\/en\/wp-json\/wp\/v2\/posts\/929442\/revisions"}],"wp:featuredmedia":[{"embeddable":true,"href":"https:\/\/gradski.me\/en\/wp-json\/wp\/v2\/media\/929443"}],"wp:attachment":[{"href":"https:\/\/gradski.me\/en\/wp-json\/wp\/v2\/media?parent=929442"}],"wp:term":[{"taxonomy":"category","embeddable":true,"href":"https:\/\/gradski.me\/en\/wp-json\/wp\/v2\/categories?post=929442"},{"taxonomy":"post_tag","embeddable":true,"href":"https:\/\/gradski.me\/en\/wp-json\/wp\/v2\/tags?post=929442"},{"taxonomy":"naslovna","embeddable":true,"href":"https:\/\/gradski.me\/en\/wp-json\/wp\/v2\/naslovna?post=929442"}],"curies":[{"name":"wp","href":"https:\/\/api.w.org\/{rel}","templated":true}]}}