{"id":929428,"date":"2025-05-06T19:56:00","date_gmt":"2025-05-06T17:56:00","guid":{"rendered":"https:\/\/gradski.me\/uncategorized\/proizvodjacki-trik-smanjenja-gramaze-potrosaci-placaju-skuplje\/"},"modified":"2025-05-06T19:56:00","modified_gmt":"2025-05-06T17:56:00","slug":"proizvodjacki-trik-smanjenja-gramaze-potrosaci-placaju-skuplje","status":"publish","type":"post","link":"https:\/\/gradski.me\/en\/ekonomija\/proizvodjacki-trik-smanjenja-gramaze-potrosaci-placaju-skuplje\/","title":{"rendered":"Proizvo\u0111a\u010dki trik smanjenja grama\u017ee potro\u0161a\u010di pla\u0107aju skuplje"},"content":{"rendered":"<p><\/p>\n\n\n\n<p>Ovu pojavu, posljednjih godina sve u\u010destaliju, koja je dobila internacionalni naziv \u0161rinkflacija, prvo smo primijetili na konditorskim proizvodima, pa su \u010dokolade od 100 grama &#8222;izgubile&#8220; 20 grama. Ubrzo su i proizvo\u0111a\u010di iz regiona prihvatili ovaj trend, pa su i mnogi rado kupovani proizvodi kod nas izgubili na grama\u017ei.<br>Neke dr\u017eave su reagovale zbog \u0161rinkflacija, poput Francuske, Italije, Njema\u010dke i SAD, ali je u ve\u0107ini zemalja institucionalni odgovor izostao.<\/p>\n\n\n\n<p>U me\u0111uvremenu je broj artikala \u010dija je te\u017eina smanjena porastao, a potro\u0161a\u010di su, u nedostatku alternative, nastavili da ih kupuju.<\/p>\n\n\n\n<p>\u0160to se ti\u010de zemalja regiona, sve se zavr\u0161ilo na formiranju tzv. crnih lista, na kojima su se na\u0161li proizvodi kojima je grama\u017ea smanjena.<\/p>\n\n\n\n<p>Pou\u010deni primjerima iz regiona, i doma\u0107i proizvo\u0111a\u010di su nekim proizvodima smanjili grama\u017eu.<\/p>\n\n\n\n<p>Crna Gora ne mo\u017ee mnogo da uradi da za\u0161titi potro\u0161a\u010de, jer smo kao zemlja vrlo zavisni od uvoza.<\/p>\n\n\n\n<p>Dakle, prinu\u0111eni smo da uvozimo i plasiramo proizvode koji se pakuju po tu\u0111im pravilima, ka\u017ee&nbsp;<strong>Olga Nik\u010devi\u0107<\/strong>, izvr\u0161na direktorica Centra za za\u0161titu potro\u0161a\u010da (CEZAP).<\/p>\n\n\n\n<p>\u2013 Su\u0161tinski razlog za\u0161to je institucionalna reakcija izostala, i to ne samo u Crnoj Gori i regionu, nego i u EU i \u0161ire, jeste taj \u0161to te\u017eina proizvoda nije odre\u0111ena zakonom \u2013 obja\u0161njava Nik\u010devi\u0107.<\/p>\n\n\n\n<p>Kako podsje\u0107a, sli\u010dan marketin\u0161ki trik iskoristili su trgovci, najprije u svijetu, a onda i kod nas, sa cijenama koje su ni\u017ee svega cent.<\/p>\n\n\n\n<p>\u2013 Psiholo\u0161ki je dokazano da se osoba lak\u0161e odlu\u010duje na kupovinu ako je na proizvodu navedena cijena za cent ni\u017ea nego \u0161to ona zapravo jeste. Svi nasjednemo na to 9,99 \u2013 dodaje Nik\u010devi\u0107.<\/p>\n\n\n\n<p>Ona isti\u010de da postoje indicije da \u0107e EU u narednom periodu pristupiti regulisanju ovakvih proizvo\u0111a\u010dkih i trgova\u010dkih pojava. Zato je razumno vjerovati, s obzirom na to da smo na putu prijema u EU, da i na\u0161 potro\u0161a\u010d mo\u017ee u budu\u0107nosti o\u010dekivati za\u0161titu po ovom pitanju.<\/p>","protected":false},"excerpt":{"rendered":"<p>Smanjivanje grama\u017ee proizvoda toliko je u\u010destala pojava u na\u0161im trgovinama da potro\u0161a\u010di gotovo da vi\u0161e i ne primje\u0107uju da svakodnevno kupuju proizvode koji su ranije bili &#8222;ja\u010di&#8220; na vagi.<\/p>","protected":false},"author":4,"featured_media":929429,"comment_status":"open","ping_status":"open","sticky":false,"template":"","format":"standard","meta":{"_acf_changed":false,"footnotes":"","jetpack_publicize_message":"","jetpack_publicize_feature_enabled":true,"jetpack_social_post_already_shared":false,"jetpack_social_options":{"image_generator_settings":{"template":"highway","default_image_id":0,"font":"","enabled":false},"version":2}},"categories":[8],"tags":[6403,25455,25456,25457],"naslovna":[],"class_list":["post-929428","post","type-post","status-publish","format-standard","has-post-thumbnail","hentry","category-ekonomija","tag-olga-nikcevic","tag-potrosaci","tag-skupo-placanje","tag-smanjenje-gramaze"],"acf":[],"jetpack_publicize_connections":[],"_links":{"self":[{"href":"https:\/\/gradski.me\/en\/wp-json\/wp\/v2\/posts\/929428","targetHints":{"allow":["GET"]}}],"collection":[{"href":"https:\/\/gradski.me\/en\/wp-json\/wp\/v2\/posts"}],"about":[{"href":"https:\/\/gradski.me\/en\/wp-json\/wp\/v2\/types\/post"}],"author":[{"embeddable":true,"href":"https:\/\/gradski.me\/en\/wp-json\/wp\/v2\/users\/4"}],"replies":[{"embeddable":true,"href":"https:\/\/gradski.me\/en\/wp-json\/wp\/v2\/comments?post=929428"}],"version-history":[{"count":0,"href":"https:\/\/gradski.me\/en\/wp-json\/wp\/v2\/posts\/929428\/revisions"}],"wp:featuredmedia":[{"embeddable":true,"href":"https:\/\/gradski.me\/en\/wp-json\/wp\/v2\/media\/929429"}],"wp:attachment":[{"href":"https:\/\/gradski.me\/en\/wp-json\/wp\/v2\/media?parent=929428"}],"wp:term":[{"taxonomy":"category","embeddable":true,"href":"https:\/\/gradski.me\/en\/wp-json\/wp\/v2\/categories?post=929428"},{"taxonomy":"post_tag","embeddable":true,"href":"https:\/\/gradski.me\/en\/wp-json\/wp\/v2\/tags?post=929428"},{"taxonomy":"naslovna","embeddable":true,"href":"https:\/\/gradski.me\/en\/wp-json\/wp\/v2\/naslovna?post=929428"}],"curies":[{"name":"wp","href":"https:\/\/api.w.org\/{rel}","templated":true}]}}