{"id":929152,"date":"2025-05-05T11:49:51","date_gmt":"2025-05-05T09:49:51","guid":{"rendered":"https:\/\/gradski.me\/uncategorized\/ubistvo-u-banja-luci-motociklista-ispalio-vise-od-20-metaka\/"},"modified":"2025-05-05T11:49:51","modified_gmt":"2025-05-05T09:49:51","slug":"ubistvo-u-banja-luci-motociklista-ispalio-vise-od-20-metaka","status":"publish","type":"post","link":"https:\/\/gradski.me\/en\/region\/ubistvo-u-banja-luci-motociklista-ispalio-vise-od-20-metaka\/","title":{"rendered":"Ubistvo u Banja Luci: Motociklista ispalio vi\u0161e od 20 metaka\u00a0"},"content":{"rendered":"<p><\/p>\n\n\n\n<p>Kako pi\u0161u mediji iz Republike Srpske, na mu\u0161karca je pucao motociklista.<\/p>\n\n\n\n<p>Prilikom ubistva navodno je motociklista ispalio vi\u0161e od 20 metaka.<\/p>\n\n\n\n<p>Na mjestu doga\u0111aja brzo su stigle hitna medicinska pomo\u0107 kao i policija. Lokalni mediji pi\u0161u da je ubijen mla\u0111i mu\u0161karac.<\/p>\n\n\n\n<p>ATV prenosi da se ubica predao. Do\u0161ao je u policijsku stanicu u Banja Luci i rekao da je ubio \u010dovjeka.<\/p>\n\n\n\n<p>Nakon ubistva se oglasila i banjalu\u010dka policija.<\/p>\n\n\n\n<p>\u201cPolicijskoj upravi Banja Luka danas oko 12.15 \u010dasova prijavljeno je da je na parking prostoru u ulici Kara\u0111or\u0111eva u Banja Luci do\u0161lo do pucnjave, kojom prilikom je jedna osoba smrtno stradala\u201d, re\u010deno je iz PU Banja Luka.<\/p>\n\n\n\n<p>Kako su dodali, policijski slu\u017ebenici Policijske stanice Banja Luka Lau\u0161 uhapsili su mu\u0161karca koji se mo\u017ee dovesti u vezu sa ovim ubistvom.<\/p>","protected":false},"excerpt":{"rendered":"<p>U banjalu\u010dkom naselju Lau\u0161 danas u podnevnim satima ubijen je mu\u0161karac, potvr\u0111eno je za Klix.ba.<\/p>","protected":false},"author":8,"featured_media":929153,"comment_status":"open","ping_status":"open","sticky":false,"template":"","format":"standard","meta":{"_acf_changed":false,"footnotes":"","jetpack_publicize_message":"","jetpack_publicize_feature_enabled":true,"jetpack_social_post_already_shared":false,"jetpack_social_options":{"image_generator_settings":{"template":"highway","default_image_id":0,"font":"","enabled":false},"version":2}},"categories":[13],"tags":[18258,25366],"naslovna":[],"class_list":["post-929152","post","type-post","status-publish","format-standard","has-post-thumbnail","hentry","category-region","tag-motor","tag-ubistvo-banja-luka"],"acf":[],"jetpack_publicize_connections":[],"_links":{"self":[{"href":"https:\/\/gradski.me\/en\/wp-json\/wp\/v2\/posts\/929152","targetHints":{"allow":["GET"]}}],"collection":[{"href":"https:\/\/gradski.me\/en\/wp-json\/wp\/v2\/posts"}],"about":[{"href":"https:\/\/gradski.me\/en\/wp-json\/wp\/v2\/types\/post"}],"author":[{"embeddable":true,"href":"https:\/\/gradski.me\/en\/wp-json\/wp\/v2\/users\/8"}],"replies":[{"embeddable":true,"href":"https:\/\/gradski.me\/en\/wp-json\/wp\/v2\/comments?post=929152"}],"version-history":[{"count":0,"href":"https:\/\/gradski.me\/en\/wp-json\/wp\/v2\/posts\/929152\/revisions"}],"wp:featuredmedia":[{"embeddable":true,"href":"https:\/\/gradski.me\/en\/wp-json\/wp\/v2\/media\/929153"}],"wp:attachment":[{"href":"https:\/\/gradski.me\/en\/wp-json\/wp\/v2\/media?parent=929152"}],"wp:term":[{"taxonomy":"category","embeddable":true,"href":"https:\/\/gradski.me\/en\/wp-json\/wp\/v2\/categories?post=929152"},{"taxonomy":"post_tag","embeddable":true,"href":"https:\/\/gradski.me\/en\/wp-json\/wp\/v2\/tags?post=929152"},{"taxonomy":"naslovna","embeddable":true,"href":"https:\/\/gradski.me\/en\/wp-json\/wp\/v2\/naslovna?post=929152"}],"curies":[{"name":"wp","href":"https:\/\/api.w.org\/{rel}","templated":true}]}}