{"id":928888,"date":"2025-05-04T07:39:00","date_gmt":"2025-05-04T05:39:00","guid":{"rendered":"https:\/\/gradski.me\/uncategorized\/skandici-i-koneljano-u-velikom-finalu\/"},"modified":"2025-05-04T07:39:00","modified_gmt":"2025-05-04T05:39:00","slug":"skandici-i-koneljano-u-velikom-finalu","status":"publish","type":"post","link":"https:\/\/gradski.me\/en\/sport\/skandici-i-koneljano-u-velikom-finalu\/","title":{"rendered":"Skandi\u0107i i Koneljano u velikom finalu"},"content":{"rendered":"<p>Koneljano je u prvom polufinalu savladao Numi Vero Volej Milano rezultatom 3:1, u reprizi pro\u0161logodi\u0161njeg finala. \u017du Ting sa 21 i Izabela Hak sa 20 poena predvodile su aktuelnog \u0161ampiona ka devetoj uzastopnoj pobjedi u ovom takmi\u010denju i \u0161estom finalu u posljednjih osam sezona.<\/p>\n\n\n\n<p>U drugom polufinalu, debitant na fajnal foru, Savino Del Bene Skandi\u0107i, priredio je iznena\u0111enje i savladao vi\u0161estrukog \u0161ampiona Evrope \u2013 turski VakifBank Istanbul, rezultatom 3:0. Italijanke su dominirale tokom cijelog me\u010da, posebno u prvom setu, koji su dobile sa ubjedljivih 25:12. Ekaterina Antropova i Kara Bajema bile su klju\u010dne figure trijumfa, dok je Skandi\u0107i pokazao izuzetnu efikasnost u napadu i sigurnost na terenu. Druga sutkinja bila je na\u0161a&nbsp;<strong>Sonja Simonovska<\/strong>.<\/p>\n\n\n\n<p>Finale CEV Lige \u0161ampiona za odbojka\u0161ice izme\u0111u Koneljana i Skandi\u0107ija zakazano je za nedjelju od 18 \u010dasova, dok \u0107e se u me\u010du za tre\u0107e mjesto sastati VakifBank Istanbul i Numi Vero Volej Milano od 15 \u010dasova po na\u0161em vremenu.<\/p>","protected":false},"excerpt":{"rendered":"<p>Savino Del Bene Skandi\u0107i i Kararo Imoko Koneljano bori\u0107e se za titulu \u0161ampiona Evrope u finalu ovogodi\u0161nje CEV Lige \u0161ampiona za odbojka\u0161ice, koje se igra u Istanbulu. U sjajnim polufinalnim duelima, italijanski timovi slavili su protiv velikih rivala i tako zakazali finale ovog presti\u017enog takmi\u010denja.<\/p>","protected":false},"author":7,"featured_media":928889,"comment_status":"open","ping_status":"open","sticky":false,"template":"","format":"standard","meta":{"_acf_changed":false,"footnotes":"","jetpack_publicize_message":"","jetpack_publicize_feature_enabled":true,"jetpack_social_post_already_shared":false,"jetpack_social_options":{"image_generator_settings":{"template":"highway","default_image_id":0,"font":"","enabled":false},"version":2}},"categories":[15],"tags":[13490,25264,25265],"naslovna":[],"class_list":["post-928888","post","type-post","status-publish","format-standard","has-post-thumbnail","hentry","category-sport","tag-cev-liga-sampiona-odbojkasica","tag-kararo-imoko-koneljano","tag-savino-del-bene-skandici"],"acf":[],"jetpack_publicize_connections":[],"_links":{"self":[{"href":"https:\/\/gradski.me\/en\/wp-json\/wp\/v2\/posts\/928888","targetHints":{"allow":["GET"]}}],"collection":[{"href":"https:\/\/gradski.me\/en\/wp-json\/wp\/v2\/posts"}],"about":[{"href":"https:\/\/gradski.me\/en\/wp-json\/wp\/v2\/types\/post"}],"author":[{"embeddable":true,"href":"https:\/\/gradski.me\/en\/wp-json\/wp\/v2\/users\/7"}],"replies":[{"embeddable":true,"href":"https:\/\/gradski.me\/en\/wp-json\/wp\/v2\/comments?post=928888"}],"version-history":[{"count":0,"href":"https:\/\/gradski.me\/en\/wp-json\/wp\/v2\/posts\/928888\/revisions"}],"wp:featuredmedia":[{"embeddable":true,"href":"https:\/\/gradski.me\/en\/wp-json\/wp\/v2\/media\/928889"}],"wp:attachment":[{"href":"https:\/\/gradski.me\/en\/wp-json\/wp\/v2\/media?parent=928888"}],"wp:term":[{"taxonomy":"category","embeddable":true,"href":"https:\/\/gradski.me\/en\/wp-json\/wp\/v2\/categories?post=928888"},{"taxonomy":"post_tag","embeddable":true,"href":"https:\/\/gradski.me\/en\/wp-json\/wp\/v2\/tags?post=928888"},{"taxonomy":"naslovna","embeddable":true,"href":"https:\/\/gradski.me\/en\/wp-json\/wp\/v2\/naslovna?post=928888"}],"curies":[{"name":"wp","href":"https:\/\/api.w.org\/{rel}","templated":true}]}}