{"id":928789,"date":"2025-05-03T12:56:00","date_gmt":"2025-05-03T10:56:00","guid":{"rendered":"https:\/\/gradski.me\/uncategorized\/ispisana-jos-jedna-prica-o-humanosti-prikupljeno-preko-22-hiljade-eura-za-nastavak-lijecenja-trinaestogodisnjeg-lazara\/"},"modified":"2025-05-03T12:56:00","modified_gmt":"2025-05-03T10:56:00","slug":"ispisana-jos-jedna-prica-o-humanosti-prikupljeno-preko-22-hiljade-eura-za-nastavak-lijecenja-trinaestogodisnjeg-lazara","status":"publish","type":"post","link":"https:\/\/gradski.me\/en\/drustvo\/ispisana-jos-jedna-prica-o-humanosti-prikupljeno-preko-22-hiljade-eura-za-nastavak-lijecenja-trinaestogodisnjeg-lazara\/","title":{"rendered":"Ispisana jo\u0161 jedna pri\u010da o humanosti \u2013 prikupljeno preko 22 hiljade eura za nastavak lije\u010denja trinaestogodi\u0161njeg Lazara"},"content":{"rendered":"<p><\/p>\n\n\n\n<p>Osniva\u010d Fondacije \u201eBudi human\u201c, Goran Jovanovi\u0107 isti\u010de da je ovo jo\u0161 jedna akcija u nizu koja dokazuje koliko mo\u017eemo posti\u0107i kada djelujemo zajedno: ,,Lazareva borba postala je zajedni\u010dka misija svih nas koji vjerujemo u snagu ljudske solidarnosti. Zahvaljuju\u0107i gra\u0111anima velikog srca, ovaj hrabri dje\u010dak danas ima priliku da krene dalje, s nadom i boljom prespektivom. Hvala svima koji su pokazali da i dalje postojimo kao dru\u0161tvo koje vidi, \u010duje i reaguje. Svaki va\u0161 gest podr\u0161ke pokazali su da zajedno mo\u017eemo \u010diniti velika djela. Ovaj rezultat je jo\u0161 jedna potvrda da zajedni\u0161tvo ima mo\u0107 da mijenja \u017eivote.\u201c<\/p>\n\n\n\n<p>&#8220;Fondacija \u201eBudi human\u201c nastavlja da bude oslonac onima kojima je pomo\u0107 najpotrebnija, vjeruju\u0107i da zajedno mo\u017eemo u\u010diniti jo\u0161 mnogo&#8220;, zaklju\u010duju iz Fondacije.<\/p>","protected":false},"excerpt":{"rendered":"<p>Posredstvom Fondacije \u201eBudi human\u201c i zahvaljuju\u0107i solidarnosti ljudi velikog srca, uspje\u0161no su prikupljena cjelokupna sredstva za nastavak lije\u010denja Lazara Novi\u0107evi\u0107a (13) iz Plava, koji se bori sa dijagnozom autizma. Putem platforme budihuman.me, prikupljeno je ukupno 22.726 eura, \u010dime je ovom hrabrom dje\u010daku obezbije\u0111en odlazak na novu terapiju mati\u010dnim \u0107elijama u Turskoj, saop\u0161teno je iz Fondacije.<\/p>","protected":false},"author":4,"featured_media":928790,"comment_status":"open","ping_status":"open","sticky":false,"template":"","format":"standard","meta":{"_acf_changed":false,"footnotes":"","jetpack_publicize_message":"","jetpack_publicize_feature_enabled":true,"jetpack_social_post_already_shared":false,"jetpack_social_options":{"image_generator_settings":{"template":"highway","default_image_id":0,"font":"","enabled":false},"version":2}},"categories":[9],"tags":[4856,25232,25233],"naslovna":[],"class_list":["post-928789","post","type-post","status-publish","format-standard","has-post-thumbnail","hentry","category-drustvo","tag-humanost","tag-lazar-novicevic","tag-prikupljen-novac-za-nastavak-lijecenja"],"acf":[],"jetpack_publicize_connections":[],"_links":{"self":[{"href":"https:\/\/gradski.me\/en\/wp-json\/wp\/v2\/posts\/928789","targetHints":{"allow":["GET"]}}],"collection":[{"href":"https:\/\/gradski.me\/en\/wp-json\/wp\/v2\/posts"}],"about":[{"href":"https:\/\/gradski.me\/en\/wp-json\/wp\/v2\/types\/post"}],"author":[{"embeddable":true,"href":"https:\/\/gradski.me\/en\/wp-json\/wp\/v2\/users\/4"}],"replies":[{"embeddable":true,"href":"https:\/\/gradski.me\/en\/wp-json\/wp\/v2\/comments?post=928789"}],"version-history":[{"count":0,"href":"https:\/\/gradski.me\/en\/wp-json\/wp\/v2\/posts\/928789\/revisions"}],"wp:featuredmedia":[{"embeddable":true,"href":"https:\/\/gradski.me\/en\/wp-json\/wp\/v2\/media\/928790"}],"wp:attachment":[{"href":"https:\/\/gradski.me\/en\/wp-json\/wp\/v2\/media?parent=928789"}],"wp:term":[{"taxonomy":"category","embeddable":true,"href":"https:\/\/gradski.me\/en\/wp-json\/wp\/v2\/categories?post=928789"},{"taxonomy":"post_tag","embeddable":true,"href":"https:\/\/gradski.me\/en\/wp-json\/wp\/v2\/tags?post=928789"},{"taxonomy":"naslovna","embeddable":true,"href":"https:\/\/gradski.me\/en\/wp-json\/wp\/v2\/naslovna?post=928789"}],"curies":[{"name":"wp","href":"https:\/\/api.w.org\/{rel}","templated":true}]}}