{"id":928770,"date":"2025-05-03T12:07:00","date_gmt":"2025-05-03T10:07:00","guid":{"rendered":"https:\/\/gradski.me\/uncategorized\/sep-nema-razloga-za-obiljezavanje-medjunarodnog-dana-slobode-medija-u-zemlji-ciji-je-medijski-prostor-okupiran\/"},"modified":"2025-05-03T12:07:00","modified_gmt":"2025-05-03T10:07:00","slug":"sep-nema-razloga-za-obiljezavanje-medjunarodnog-dana-slobode-medija-u-zemlji-ciji-je-medijski-prostor-okupiran","status":"publish","type":"post","link":"https:\/\/gradski.me\/en\/drustvo\/sep-nema-razloga-za-obiljezavanje-medjunarodnog-dana-slobode-medija-u-zemlji-ciji-je-medijski-prostor-okupiran\/","title":{"rendered":"SEP: Nema razloga za obilje\u017eavanje Me\u0111unarodnog dana slobode medija u zemlji \u010diji je medijski prostor okupiran"},"content":{"rendered":"<p><\/p>\n\n\n\n<p>Stranka evropskog progresa se zala\u017ee za slobodne medije i maksimalnu zakonsku za\u0161titu novinara uklju\u010duju\u0107i i zakonom normirani status slu\u017ebenog lica. Sa zabrinuto\u0161\u0107u konstatujemo da se u Crnoj Gori i u proteklih godinu dana dogodilo vi\u0161e napada na novinare. Ohrabruje \u010dinjenica da su napadi efikasno procesuirani, kazali su iz SEP-a.<\/p>\n\n\n\n<p>&#8220;Na\u017ealost, na Me\u0111unarodni dan slobode medija, konstatujemo i to da ve\u0107ina elektronskih medija u Crnoj Gori nije slobodna. Medijski prostor Crne Gore je ve\u0107 pet godina okupiran, njime dominiraju politike i maniri uvezeni iz susjedstva \u2013 od la\u017enih ili obmanjuju\u0107ih informacija, govora mr\u017enje i cenzure, do kontinuiranog plasiranja narativa suprotnog crnogorskim nacionalnim interesima&#8220;, ocijenili su iz SEP-a.<\/p>\n\n\n\n<p>Najve\u0107u zabrinutost, me\u0111utim, izaziva \u010dinjenica da vlast ne samo da ne pokazuje nikakvu namjeru da ovo stanje mijenja, ve\u0107 ne pokazuje ni da prepoznaje problem, kazali su iz SEP-a.<\/p>\n\n\n\n<p>&#8220;U stanju okupacije medijskog prostora Stranka evropskog progresa smatra prigodne \u010destitke dr\u017eavnih zvani\u010dnika povodom Me\u0111unarodnog dana slobode medija licemjernim&#8220;, zaklju\u010duju iz SEP-a.<\/p>","protected":false},"excerpt":{"rendered":"<p>Me\u0111unarodni dan slobode medija prilika je da ponovo uka\u017eemo na nedostatak osmi\u0161ljene dr\u017eavne strategije za\u0161tite crnogorskog medijskog prostora i da ponovo osudimo napade na novinare, saop\u0161teno je iz Stranke evropskog progresa (SEP).<\/p>","protected":false},"author":4,"featured_media":915854,"comment_status":"open","ping_status":"open","sticky":false,"template":"","format":"standard","meta":{"_acf_changed":false,"footnotes":"","jetpack_publicize_message":"","jetpack_publicize_feature_enabled":true,"jetpack_social_post_already_shared":false,"jetpack_social_options":{"image_generator_settings":{"template":"highway","default_image_id":0,"font":"","enabled":false},"version":2}},"categories":[9],"tags":[25218,25219,1508,140,1559],"naslovna":[],"class_list":["post-928770","post","type-post","status-publish","format-standard","has-post-thumbnail","hentry","category-drustvo","tag-medijski-prostor","tag-medjunarodni-dan-slobode-medija","tag-okupacija","tag-sep","tag-zemlja"],"acf":[],"jetpack_publicize_connections":[],"_links":{"self":[{"href":"https:\/\/gradski.me\/en\/wp-json\/wp\/v2\/posts\/928770","targetHints":{"allow":["GET"]}}],"collection":[{"href":"https:\/\/gradski.me\/en\/wp-json\/wp\/v2\/posts"}],"about":[{"href":"https:\/\/gradski.me\/en\/wp-json\/wp\/v2\/types\/post"}],"author":[{"embeddable":true,"href":"https:\/\/gradski.me\/en\/wp-json\/wp\/v2\/users\/4"}],"replies":[{"embeddable":true,"href":"https:\/\/gradski.me\/en\/wp-json\/wp\/v2\/comments?post=928770"}],"version-history":[{"count":0,"href":"https:\/\/gradski.me\/en\/wp-json\/wp\/v2\/posts\/928770\/revisions"}],"wp:featuredmedia":[{"embeddable":true,"href":"https:\/\/gradski.me\/en\/wp-json\/wp\/v2\/media\/915854"}],"wp:attachment":[{"href":"https:\/\/gradski.me\/en\/wp-json\/wp\/v2\/media?parent=928770"}],"wp:term":[{"taxonomy":"category","embeddable":true,"href":"https:\/\/gradski.me\/en\/wp-json\/wp\/v2\/categories?post=928770"},{"taxonomy":"post_tag","embeddable":true,"href":"https:\/\/gradski.me\/en\/wp-json\/wp\/v2\/tags?post=928770"},{"taxonomy":"naslovna","embeddable":true,"href":"https:\/\/gradski.me\/en\/wp-json\/wp\/v2\/naslovna?post=928770"}],"curies":[{"name":"wp","href":"https:\/\/api.w.org\/{rel}","templated":true}]}}