{"id":928702,"date":"2025-05-03T05:23:00","date_gmt":"2025-05-03T03:23:00","guid":{"rendered":"https:\/\/gradski.me\/uncategorized\/za-sto-casniji-oprostaj-od-sezone-za-zaborav\/"},"modified":"2025-05-03T05:23:00","modified_gmt":"2025-05-03T03:23:00","slug":"za-sto-casniji-oprostaj-od-sezone-za-zaborav","status":"publish","type":"post","link":"https:\/\/gradski.me\/en\/sport\/za-sto-casniji-oprostaj-od-sezone-za-zaborav\/","title":{"rendered":"Za \u0161to \u010dasniji opro\u0161taj od sezone za zaborav"},"content":{"rendered":"<p>Mornar \u0107e poku\u0161ati pobjedom da se oprosti od navija\u010da. <\/p>\n\n\n\n<p>&#8222;Kao \u0161to smo najavili, odigra\u0107emo sve utakmice do kraja fer i maksimalno po\u0161teno, da se \u0161to \u010dasnije oprostimo od ove sezone. Naravno, sezona je bila neuspje\u0161na i za zaborav je. Kao kada smo bili ponosni na igranje polufinala ABA lige, te na ko\u0161arku koju smo tada demonstrirali, tako i sada moramo biti svjesni situacije u kojoj se nalazimo&#8220;, kazao je trener Barana, Mihailo Pavi\u0107evi\u0107. <\/p>\n\n\n\n<p>Mornar \u010deka kona\u010dnu odluku o pro\u0161irenju lige, odnosno da li \u0107e i naredne sezone biti u\u010desnici ABA lige. <\/p>\n\n\n\n<p>&#8222;Ne dr\u017eimo konce u svojim rukama. Nadamo se tom pro\u0161irenju koje bi za nas zna\u010dilo i dalje prvoliga\u0161ki status, ali, svakako, i da se to ne desi Mornar ne bi bio prvi klub koji je &#8222;tonuo&#8220;, pa se zatim vra\u0107ao na svoje pobjedni\u010dke staze&#8220;, poru\u010dio je Pavi\u0107evi\u0107. <\/p>\n\n\n\n<p>Igokea je u prvom ovosezonskom me\u010du ova dva tima slavila u Lakta\u0161ima poslije produ\u017eetka (101:77).<\/p>\n\n\n\n<p>&#8222;\u017delja nam je da se maksimalno korektno i sportski oprostimo od ove sezone. Naravno, nadamo se i tom pro\u0161irenju lige jer bi onda ostali u ABA 1 dru\u0161tvu i naredne godine&#8220;, kazao je ko\u0161arka\u0161 Mornara, Lovro Buljevi\u0107. <\/p>\n\n\n\n<p><br><\/p>","protected":false},"excerpt":{"rendered":"<p>Sezonu za zaborav u ABA ligi, sezonu u kojoj su upisali svega dvije pobjede, ko\u0161arka\u0161i Mornara zavr\u0161avaju danas &#8211; Barani u podne do\u010dekuje Igokeu u okviru posljednjeg, 30. kola liga\u0161kog dijela regionalnog takmi\u010denja.<\/p>","protected":false},"author":7,"featured_media":928703,"comment_status":"open","ping_status":"open","sticky":false,"template":"","format":"standard","meta":{"_acf_changed":false,"footnotes":"","jetpack_publicize_message":"","jetpack_publicize_feature_enabled":true,"jetpack_social_post_already_shared":false,"jetpack_social_options":{"image_generator_settings":{"template":"highway","default_image_id":0,"font":"","enabled":false},"version":2}},"categories":[15],"tags":[1623,4231,9432,9134],"naslovna":[],"class_list":["post-928702","post","type-post","status-publish","format-standard","has-post-thumbnail","hentry","category-sport","tag-aba-liga","tag-kk-igokea","tag-kk-mornar-barsko-zlato","tag-mihailo-pavicevic"],"acf":[],"jetpack_publicize_connections":[],"_links":{"self":[{"href":"https:\/\/gradski.me\/en\/wp-json\/wp\/v2\/posts\/928702","targetHints":{"allow":["GET"]}}],"collection":[{"href":"https:\/\/gradski.me\/en\/wp-json\/wp\/v2\/posts"}],"about":[{"href":"https:\/\/gradski.me\/en\/wp-json\/wp\/v2\/types\/post"}],"author":[{"embeddable":true,"href":"https:\/\/gradski.me\/en\/wp-json\/wp\/v2\/users\/7"}],"replies":[{"embeddable":true,"href":"https:\/\/gradski.me\/en\/wp-json\/wp\/v2\/comments?post=928702"}],"version-history":[{"count":0,"href":"https:\/\/gradski.me\/en\/wp-json\/wp\/v2\/posts\/928702\/revisions"}],"wp:featuredmedia":[{"embeddable":true,"href":"https:\/\/gradski.me\/en\/wp-json\/wp\/v2\/media\/928703"}],"wp:attachment":[{"href":"https:\/\/gradski.me\/en\/wp-json\/wp\/v2\/media?parent=928702"}],"wp:term":[{"taxonomy":"category","embeddable":true,"href":"https:\/\/gradski.me\/en\/wp-json\/wp\/v2\/categories?post=928702"},{"taxonomy":"post_tag","embeddable":true,"href":"https:\/\/gradski.me\/en\/wp-json\/wp\/v2\/tags?post=928702"},{"taxonomy":"naslovna","embeddable":true,"href":"https:\/\/gradski.me\/en\/wp-json\/wp\/v2\/naslovna?post=928702"}],"curies":[{"name":"wp","href":"https:\/\/api.w.org\/{rel}","templated":true}]}}