{"id":928622,"date":"2025-05-02T14:27:31","date_gmt":"2025-05-02T12:27:31","guid":{"rendered":"https:\/\/gradski.me\/uncategorized\/srbin-poginuo-na-alpima\/"},"modified":"2025-05-02T14:27:31","modified_gmt":"2025-05-02T12:27:31","slug":"srbin-poginuo-na-alpima","status":"publish","type":"post","link":"https:\/\/gradski.me\/en\/region\/srbin-poginuo-na-alpima\/","title":{"rendered":"Srbin poginuo na Alpima"},"content":{"rendered":"<p>Srbin (43) poginuo je ju\u010de tokom izleta na \u0160tajerskim Alpima u austrijskom okrugu Leoben. Nesre\u0107a se dogodila kada je <strong>mu\u0161karac, iz nepoznatih razloga, pao sa 100 metara visine<\/strong>, javljaju mediji.<\/p>\n\n\n\n<p>U trenutku tragedije, Srbin je bio u pratnji jo\u0161 jednog penja\u010da, koji je pozvao spasioce. Helikopter je odmah krenuo u potragu, a Srbin je brzo uo\u010den u te\u0161ko pristupa\u010dnoj provaliji.<\/p>\n\n\n\n<p>U akciji pronalaska i izvla\u010denja tijela u\u010destvovali su pripadnici Gorske slu\u017ebe spasavanja i policijski helikopter.<\/p>\n\n\n\n<p>Nakon \u0161to su spasioci GSS locirali tijelo, ono je izvu\u010deno sa nepristupa\u010dnog dijela terena. Na\u017ealost, samo su mogli da konstatuju smrt nesre\u0107nog \u010dovjeka.<\/p>","protected":false},"excerpt":{"rendered":"<p>U akciji pronalaska i izvla\u010denja tijela u\u010destvovali su pripadnici Gorske slu\u017ebe spasavanja i policijski helikopter.<\/p>","protected":false},"author":4,"featured_media":928623,"comment_status":"open","ping_status":"open","sticky":false,"template":"","format":"standard","meta":{"_acf_changed":false,"footnotes":"","jetpack_publicize_message":"","jetpack_publicize_feature_enabled":true,"jetpack_social_post_already_shared":false,"jetpack_social_options":{"image_generator_settings":{"template":"highway","default_image_id":0,"font":"","enabled":false},"version":2}},"categories":[13],"tags":[11121,37,19680,1911],"naslovna":[],"class_list":["post-928622","post","type-post","status-publish","format-standard","has-post-thumbnail","hentry","category-region","tag-alpi","tag-austrija","tag-planinar","tag-tragedija"],"acf":[],"jetpack_publicize_connections":[],"_links":{"self":[{"href":"https:\/\/gradski.me\/en\/wp-json\/wp\/v2\/posts\/928622","targetHints":{"allow":["GET"]}}],"collection":[{"href":"https:\/\/gradski.me\/en\/wp-json\/wp\/v2\/posts"}],"about":[{"href":"https:\/\/gradski.me\/en\/wp-json\/wp\/v2\/types\/post"}],"author":[{"embeddable":true,"href":"https:\/\/gradski.me\/en\/wp-json\/wp\/v2\/users\/4"}],"replies":[{"embeddable":true,"href":"https:\/\/gradski.me\/en\/wp-json\/wp\/v2\/comments?post=928622"}],"version-history":[{"count":0,"href":"https:\/\/gradski.me\/en\/wp-json\/wp\/v2\/posts\/928622\/revisions"}],"wp:featuredmedia":[{"embeddable":true,"href":"https:\/\/gradski.me\/en\/wp-json\/wp\/v2\/media\/928623"}],"wp:attachment":[{"href":"https:\/\/gradski.me\/en\/wp-json\/wp\/v2\/media?parent=928622"}],"wp:term":[{"taxonomy":"category","embeddable":true,"href":"https:\/\/gradski.me\/en\/wp-json\/wp\/v2\/categories?post=928622"},{"taxonomy":"post_tag","embeddable":true,"href":"https:\/\/gradski.me\/en\/wp-json\/wp\/v2\/tags?post=928622"},{"taxonomy":"naslovna","embeddable":true,"href":"https:\/\/gradski.me\/en\/wp-json\/wp\/v2\/naslovna?post=928622"}],"curies":[{"name":"wp","href":"https:\/\/api.w.org\/{rel}","templated":true}]}}