{"id":928584,"date":"2025-05-02T13:44:00","date_gmt":"2025-05-02T11:44:00","guid":{"rendered":"https:\/\/gradski.me\/uncategorized\/zejnelagic-u-niksicu-obuhvat-mmr-vakcinom-osam-odsto\/"},"modified":"2025-05-02T13:44:00","modified_gmt":"2025-05-02T11:44:00","slug":"zejnelagic-u-niksicu-obuhvat-mmr-vakcinom-osam-odsto","status":"publish","type":"post","link":"https:\/\/gradski.me\/en\/drustvo\/zejnelagic-u-niksicu-obuhvat-mmr-vakcinom-osam-odsto\/","title":{"rendered":"Zejnelagi\u0107: U Nik\u0161i\u0107u obuhvat MMR vakcinom osam odsto"},"content":{"rendered":"<p><\/p>\n\n\n\n<p>Ni u Nik\u0161i\u0107icu, a ni u Crnoj Gori nijesu dobri podaci kada je u pitanju obuhvat vakcinacije. Kalendar imunizacije je koncipiran tako da \u0161titi od 12 bolesti, ka\u017ee Zejnelagi\u0107, pa je zbog toga va\u017eno po\u0161tovati termine predvi\u0111ene za vakcinaciju.<\/p>\n\n\n\n<p>Prema njegovim rije\u010dima, godinama unazad primijetan je trend odlaganja vakcinacije djece MMR vakcinom. Potpuna vakcinacija podrazumijeva primanje dvije doze, pri \u010demu u redovnim okolnostima prvu dozu treba dati \u0161to prije nakon navr\u0161enih godinu dana \u017eivota, a drugu prilikom sistematskih pregleda pred polazak u \u0161kolu.<\/p>\n\n\n\n<p>\u201eIzuzetno je nizak obuhvat vakcinacije MMR vakcinom. Za 2023. godinu taj procenat je nepuno 23 na nivou Crne Gore, a u Nik\u0161i\u0107u znatno ni\u017ei \u2013 osam procenata. Znate da nam je neophodan procenat od 95 kako bismo imali kolektivni imunitet\u201c, isti\u010de Zejnelagi\u0107.<\/p>\n\n\n\n<p>Ni podaci kada je u pitanju HPV vakcina nijesu na zadovoljavaju\u0107em nivou, iako vakcina igra klju\u010dnu ulogu u prevenciji raka grli\u0107a materice i drugih bolesti uzrokovanih ovim virusom. On je podsjetio da je HPV vakcina jedina u redovnom kalendaru koja jo\u0161 nije obavezna. Vakcinacija po\u010dinje sa devet godina i najefikasnija je kada se primi u tom uzrastu.<\/p>\n\n\n\n<p>\u201eSkromni su obuhvati i HPV vakcinom. Me\u0111utim, iz dana u dan kroz razli\u010dite kampanje koje sprovodimo, taj procenat polako raste. O\u010dekujemo da \u0107emo u narednom periodu, upravo kroz te kampanje do\u0107i do svih roditelja, dati im prave informacije, kako bi kreirali mi\u0161ljenje i doveli djecu na vakcinaciju\u201c, ka\u017ee Zejnelagi\u0107.<\/p>\n\n\n\n<p>Kako isti\u010de, te\u0161ko se izboriti sa dezinformacijama koje se po pitanju vakcinacije gotovo svakodnevno plasiraju putem dru\u0161tvenih mre\u017ea ili medija. Nagla\u0161ava va\u017enost povjerenja u nau\u010dne studije i \u010dinjenice.<\/p>\n\n\n\n<p>Zejnelagi\u0107 je apelovao na roditelje da ne odla\u017eu vakcinaciju djece i da ih za\u0161tite od opasnih zaraznih bolesti. Osim individualne za\u0161tite koja se posti\u017ee vakcinacijom, sprovo\u0111enjem programa obavezne vakcinacije djece odre\u0111enog uzrasta posti\u017eu se i visoke stope kolektivnog imuniteta.<\/p>","protected":false},"excerpt":{"rendered":"<p>U Crnoj Gori bilje\u017ei se pad obuhvata imunizacije svim vakcinama iz redovnog kalendara, upozorili su iz Instituta za javno zdravlje i istakli da vakcinacija nije samo \u010din individualne za\u0161tite, ve\u0107 i solidarnosti i odgovornosti. Za 2023. godinu taj procenat obuhvata MMR vakcinom je nepunih 23 na nivou Crne Gore, a u Nik\u0161i\u0107u znatno ni\u017ei \u2013 osam procenata, ka\u017ee za RTNK dr Red\u017eeb Zejnelagi\u0107, epidemiolog.<\/p>","protected":false},"author":1,"featured_media":921545,"comment_status":"open","ping_status":"open","sticky":false,"template":"","format":"standard","meta":{"_acf_changed":false,"footnotes":"","jetpack_publicize_message":"","jetpack_publicize_feature_enabled":true,"jetpack_social_post_already_shared":false,"jetpack_social_options":{"image_generator_settings":{"template":"highway","default_image_id":0,"font":"","enabled":false},"version":2}},"categories":[9],"tags":[6354,25149,5365],"naslovna":[],"class_list":["post-928584","post","type-post","status-publish","format-standard","has-post-thumbnail","hentry","category-drustvo","tag-mmr","tag-redzeb-zejnelagic","tag-vakcinacija"],"acf":[],"jetpack_publicize_connections":[],"_links":{"self":[{"href":"https:\/\/gradski.me\/en\/wp-json\/wp\/v2\/posts\/928584","targetHints":{"allow":["GET"]}}],"collection":[{"href":"https:\/\/gradski.me\/en\/wp-json\/wp\/v2\/posts"}],"about":[{"href":"https:\/\/gradski.me\/en\/wp-json\/wp\/v2\/types\/post"}],"author":[{"embeddable":true,"href":"https:\/\/gradski.me\/en\/wp-json\/wp\/v2\/users\/1"}],"replies":[{"embeddable":true,"href":"https:\/\/gradski.me\/en\/wp-json\/wp\/v2\/comments?post=928584"}],"version-history":[{"count":0,"href":"https:\/\/gradski.me\/en\/wp-json\/wp\/v2\/posts\/928584\/revisions"}],"wp:featuredmedia":[{"embeddable":true,"href":"https:\/\/gradski.me\/en\/wp-json\/wp\/v2\/media\/921545"}],"wp:attachment":[{"href":"https:\/\/gradski.me\/en\/wp-json\/wp\/v2\/media?parent=928584"}],"wp:term":[{"taxonomy":"category","embeddable":true,"href":"https:\/\/gradski.me\/en\/wp-json\/wp\/v2\/categories?post=928584"},{"taxonomy":"post_tag","embeddable":true,"href":"https:\/\/gradski.me\/en\/wp-json\/wp\/v2\/tags?post=928584"},{"taxonomy":"naslovna","embeddable":true,"href":"https:\/\/gradski.me\/en\/wp-json\/wp\/v2\/naslovna?post=928584"}],"curies":[{"name":"wp","href":"https:\/\/api.w.org\/{rel}","templated":true}]}}