{"id":928581,"date":"2025-05-02T12:48:00","date_gmt":"2025-05-02T10:48:00","guid":{"rendered":"https:\/\/gradski.me\/uncategorized\/vujovic-zakonom-po-konceptu-strucnog-tima-rijesili-bi-kljucne-probleme-lokalnih-izbora\/"},"modified":"2025-05-02T12:48:00","modified_gmt":"2025-05-02T10:48:00","slug":"vujovic-zakonom-po-konceptu-strucnog-tima-rijesili-bi-kljucne-probleme-lokalnih-izbora","status":"publish","type":"post","link":"https:\/\/gradski.me\/en\/politika\/vujovic-zakonom-po-konceptu-strucnog-tima-rijesili-bi-kljucne-probleme-lokalnih-izbora\/","title":{"rendered":"Vujovi\u0107: Zakonom po Konceptu stru\u010dnog tima rije\u0161ili bi klju\u010dne probleme lokalnih izbora"},"content":{"rendered":"<p><br><br>Stru\u010dni tim predstavio je u ponedjeljak Koncept zakona o lokalnim izborima, koji je dostavljen skup\u0161tinskom Odboru za sveobuhvatnu izbornu reformu.<br><br>Vujovi\u0107 smatra da izrada Koncepta mo\u017ee da ubrza izbornu reformu i podstakne Odbor da br\u017ee na\u0111e neka konkretna rje\u0161enja.<br><br>\u201eNiz rje\u0161enja koja smo predvidjeli, kao stru\u010dni tim, li\u0161ava Crnu Goru problema izbornih procesa koji su optere\u0107irali politi\u010dka de\u0161avanja\u201c, rekao je Vujovi\u0107 u intervjuu agenciji MINA.<br><br>On je naveo da se i situacija u \u0160avniku, gdje ve\u0107 skoro tri godine nijesu zavr\u0161eni lokalni izbori, mo\u017ee rije\u0161iti kroz usvajanje zakona o lokalnim izborima, na osnovu Koncepta koji je predlo\u017eio stru\u010dni tim.<br><br>Prema rije\u010dima Vujovi\u0107a, prvi na\u010din za rje\u0161avanje tog problema bio bi tako \u0161to se Dr\u017eavnoj izbornoj komisiji (DIK), prema Konceptu, daje nadle\u017enost da na javnom konkursu bira tri \u010dlana op\u0161tinske izborne komisije (OIK) i da, ukoliko OIK ne sprovodi zakon, preuzme njegovu nadle\u017enost.<br><br>\u201eTo je velika stvar jer jednostavno onda situacija \u0160avnika se nikad ne bi mogla ponovo desiti\u201c, istakao je Vujovi\u0107.<br><br>On je rekao da je drugi na\u010din za rje\u0161avanje \u0161avni\u010dkog problema to \u0161to je predvi\u0111eno odr\u017eavanje op\u0161tih lokalnih izbora u jednom danu, \u0161to bi podrazumijevalo da se raspi\u0161u izbori i u \u0160avniku.<br><br>\u201eNa taj na\u010din bismo iza\u0161li iz za\u010daranog kruga u kome se sad nalazimo\u201c, dodao je Vujovi\u0107.<br><br>Kako je rekao, s druge strane, cilj tokom izrade Koncepta je bio i da se sprije\u010di odr\u017eavanje velikog broja lokalnih izbora, jer je Crna Gora prakti\u010dno stalno u procesu izborne kampanje, \u0161to izaziva velike probleme.<br><br>Vujovi\u0107 je objasnio da op\u0161ti lokalni izbori podrazumijevaju odr\u017eavanje izbora u svim op\u0161tinama svake \u010detiri godine, dok bi u slu\u010daju vanrednih izbora mandat novog saziva skup\u0161tine op\u0161tine trajao samo do datuma odr\u017eavanja op\u0161tih lokalnih izbora.<br><br>\u201eNa primjer, ako na pola mandata do\u0111e do vanrednih lokalnih izbora, mandat novog lokalnog parlamenta traje samo dvije godine, do redovnih op\u0161tih lokalnih izbora\u201c, pojasnio je Vujovi\u0107 i naglasio da je predvi\u0111eno da u godini prije op\u0161tih lokalnih izbora, ne mogu biti organizovani vanredni.<br><br>Kako je rekao, ukoliko iz nekog razloga prestane mandat predsjednika op\u0161tine u toj godini, nema vanrednih izbora, ve\u0107 ga zamjenjuje zamjenik, a ukoliko bi eventualno i novom \u010delniku prestao mandat, u tom slu\u010daju bi upravljanje preuzela Vlada, odnosno odbor povjerenika.<br><br>Vujovi\u0107 je naglasio da su u Konceptu predvidjeli rje\u0161enja koja bi obezbijedila stabilnost i funkcionalnost op\u0161tinskih organa, \u0161to je veoma po\u017eeljno &#8211; da nema blokada u radu i funkcionisanju.<br><br>On je podsjetio da su predvidjeli i otvaranje izbornih lista, odnosno preferencijalno glasanje, gdje bi svaki bira\u010d imao pravo da glasa za listu i za do pet kandidata unutar strana\u010dke liste.<br><br>\u201eMandati \u0107e biti raspodijeljeni na bazi preferencialnih glasova, jer bi se na taj na\u010din, zavisno koliko je ko od kandidata unutar liste osvojio preferencijalnih glasova, promijenio redosljed u odnosu na onaj inicijalni koji je partija predlo\u017eila\u201c, dodao je Vujovi\u0107.<br><br>Kako je rekao, na taj na\u010din se da daje se velika mo\u0107 gra\u0111anima, a sa druge strane nijesu ni partije izgubile svu mo\u0107, jer odre\u0111uju ko \u0107e biti njihovi kandidati na izborima, dok bira\u010di odlu\u010duju ko \u0107e dobiti njihove preferencije.<br><br>Vujovi\u0107 je, govore\u0107i o rodnim kvotama, kazao da su predvidjeli i da bude izabrano 40 odsto manje zastupljenog pola, a da rodne kvote imaju prednost na preferencijalnom glasanju.<br><br>\u201ePredvidjeli smo rodne kvote i kada govorimo o kandidatima za predsjednika op\u0161tine i zamjenika, gdje ta dva kandidata moraju biti suprotnih polova\u201c, istakao je Vujovi\u0107.<br><br>On je rekao da se u Konceptu nalazi i predlog rje\u0161enja za individualne kandidature, koji rje\u0161ava i taj problem, a \u0161to je bio zahtjev OEBS-a i Evropske unije (EU).<br><br>Vujovi\u0107 je kazao da \u0107e, kao \u010dlan Odbora za izbornu reformu, tra\u017eiti da to skup\u0161tinsko tijelo radi koncepte zakona, u kojima bi bili definisani klju\u010dni pojmove i rje\u0161enja koja neki zakon treba da sadr\u017ei, a onda da tim pravnika nomotehni\u010dki pripremi nacrt.<br><br>\u201eNa taj na\u010din bismo mnogo ubrzali posao\u201c, naglasio je Vujovi\u0107.<br><br>On je rekao da je stru\u010dni tim za mjesec pripremio Koncept zakona o lokalnim izborima, da bi za mjesec mogao biti napisan tekst zakona, a da bi za dva mjeseca mogao da bude i usvojen.<br><br>Vujovi\u0107 je kazao da su u Konceptu predvidjeli da se op\u0161ti lokalni izbori odr\u017eavaju u prvoj nedjelji maja i prvoj nedjelji oktobra.<br><br>Kako je naveo, s obzirom na o\u010dekivane redovne parlamentarne izbore 2027. godine, najbolje bi bilo da op\u0161ti lokalni izbori budu odr\u017eani na jesen ove, ali mo\u017ee i idu\u0107e godine, da bi postojala makar godina razlike u odnosu na parlamentarne.<br><br>\u201eTo bi bio ogroman napredak i \u010dini mi se da ovom brzinom, kojom je stru\u010dni tim radio, a dio tog tima je i u parlamentarnom Odboru, izbija iz ruku argumente onih koji govore da ne mo\u017ee br\u017ee da se okon\u010da izborna reforma\u201c, rekao je Vujovi\u0107.<br><br>On je kazao da, ako bude politi\u010dke volja, zakon o lokalnim izborima mo\u017ee biti usvojen prije ljeta.<br><br>\u201eAko bude postojala politi\u010dka volja, mi mo\u017eemo da do\u0111emo do zakona u naredna dva mjeseca. A ako nema politi\u010dke volje, ne\u0107emo ga dobiti ni godinama\u201c, istakao je Vujovi\u0107.<br><br>Kako je naveo, u vladaju\u0107oj koaliciji postoje oni koji \u017eele da zaustave proces oko zakona o lokalnim izborima, dok se nedavno opozicija izjasnila da podr\u017eava Koncept.<br><br>\u201eAko se dio vladaju\u0107e koalicije tako izjasni, mi mo\u017eemo imati prije ljeta taj zakon usvojen\u201c, dodao je Vujovi\u0107.<br><br>Upitan vjeruje li da \u0107e partije biti spremne na dogovor o skra\u0107enju mandata pojedinim lokalnim samoupravama, on je odgovorio da se to u jednom trenutku mora uraditi, jer se \u010dekanjem ne mo\u017ee do\u0107i do sinhronizovanja datuma izbora u svim op\u0161tinama.<br><br>\u201eMislim da bi bilo najbolje kada dolaze redovni izbori u najve\u0107em broju op\u0161tina da se tome dodaju i sve ostale i da se izabere datum blizak tome\u201c, rekao je Vujovi\u0107 i ukazao da je to onda idu\u0107a godina.<br><br>Prema njegovim rije\u010dima, odr\u017eavanjem lokalnih izbora u jednom danu bila bi smanjena mogu\u0107nost za pritiske i zloupotrebu dr\u017eavnih resursa na lokalnom nivou.<br><br>\u201eZbog toga \u0161to jednostavno tako izbori odr\u017eavaju u svim op\u0161tinama, pa ne mo\u017ee fokus onih koji imaju mo\u0107 biti samo na jednu ili par op\u0161tina, kao \u0161to je to slu\u010daj bio do sada\u201c, istakao je Vujovi\u0107.<br><br>On je naglasio da rje\u0161enja postoje i da je politi\u010dka odluka nu\u017ena.<br><br>\u201ePa hajde onda da jednostavno izvu\u010demo na povr\u0161inu one koji su ko\u010dni\u010dari, da jednostavno znamo ko ko\u010di ovu reformu\u201c, rekao je Vujovi\u0107.<br><br>On je, govore\u0107i o roku za zavr\u0161etak izborne reforme, istakao da, ako Crna Gora misli da okon\u010da pregovore sa EU do kraja naredne godina, onda mora po\u010deti da realizuje tu reformu.<br><br>\u201eAko se ne desi ove, vjerovatno \u0107e se ta obaveza prenijeti za narednu. A ako se ne desi naredne, onda ne\u0107emo okon\u010dati pregovore. To zna\u010di da neko mora da po\u010dne da pokazuje politi\u010dku volju, ali i da ula\u017ee rad, da bismo do\u0161li do rezultata\u201c, zaklju\u010dio je Vujovi\u0107.<\/p>\n\n\n\n<p><\/p>","protected":false},"excerpt":{"rendered":"<p>Usvajanjem zakona o lokalnim izborima, po Konceptu koji je predlo\u017eio stru\u010dni tim koji je formiralo Ministarstvo javne uprave (MJU), bili bi rije\u0161eni klju\u010dni problemi lokalnih izbora u Crnoj Gori, smatra predsjednik Upravnog odbora Centra za monitoring i istra\u017eivanje, Zlatko Vujovi\u0107.<\/p>","protected":false},"author":1,"featured_media":928582,"comment_status":"open","ping_status":"open","sticky":false,"template":"","format":"standard","meta":{"_acf_changed":false,"footnotes":"","jetpack_publicize_message":"","jetpack_publicize_feature_enabled":true,"jetpack_social_post_already_shared":false,"jetpack_social_options":{"image_generator_settings":{"template":"highway","default_image_id":0,"font":"","enabled":false},"version":2}},"categories":[7],"tags":[25147,13988],"naslovna":[],"class_list":["post-928581","post","type-post","status-publish","format-standard","has-post-thumbnail","hentry","category-politika","tag-lokalni-izbori-u-jednom-danu","tag-zlatko-vujovic"],"acf":[],"jetpack_publicize_connections":[],"_links":{"self":[{"href":"https:\/\/gradski.me\/en\/wp-json\/wp\/v2\/posts\/928581","targetHints":{"allow":["GET"]}}],"collection":[{"href":"https:\/\/gradski.me\/en\/wp-json\/wp\/v2\/posts"}],"about":[{"href":"https:\/\/gradski.me\/en\/wp-json\/wp\/v2\/types\/post"}],"author":[{"embeddable":true,"href":"https:\/\/gradski.me\/en\/wp-json\/wp\/v2\/users\/1"}],"replies":[{"embeddable":true,"href":"https:\/\/gradski.me\/en\/wp-json\/wp\/v2\/comments?post=928581"}],"version-history":[{"count":0,"href":"https:\/\/gradski.me\/en\/wp-json\/wp\/v2\/posts\/928581\/revisions"}],"wp:featuredmedia":[{"embeddable":true,"href":"https:\/\/gradski.me\/en\/wp-json\/wp\/v2\/media\/928582"}],"wp:attachment":[{"href":"https:\/\/gradski.me\/en\/wp-json\/wp\/v2\/media?parent=928581"}],"wp:term":[{"taxonomy":"category","embeddable":true,"href":"https:\/\/gradski.me\/en\/wp-json\/wp\/v2\/categories?post=928581"},{"taxonomy":"post_tag","embeddable":true,"href":"https:\/\/gradski.me\/en\/wp-json\/wp\/v2\/tags?post=928581"},{"taxonomy":"naslovna","embeddable":true,"href":"https:\/\/gradski.me\/en\/wp-json\/wp\/v2\/naslovna?post=928581"}],"curies":[{"name":"wp","href":"https:\/\/api.w.org\/{rel}","templated":true}]}}