{"id":928560,"date":"2025-05-02T10:19:00","date_gmt":"2025-05-02T08:19:00","guid":{"rendered":"https:\/\/gradski.me\/uncategorized\/optuznica-protiv-turskog-drzavljanina-osumnjicen-za-pranje-novca\/"},"modified":"2025-05-02T10:19:00","modified_gmt":"2025-05-02T08:19:00","slug":"optuznica-protiv-turskog-drzavljanina-osumnjicen-za-pranje-novca","status":"publish","type":"post","link":"https:\/\/gradski.me\/en\/hronika\/optuznica-protiv-turskog-drzavljanina-osumnjicen-za-pranje-novca\/","title":{"rendered":"Optu\u017enica protiv turskog dr\u017eavljanina, osumnji\u010den za pranje novca"},"content":{"rendered":"<p><\/p>\n\n\n\n<p>Kako navode, predmet optu\u017enice je to \u0161to je okrivljeni, u periodu od aprila 2023. do marta 2024. godine, u Crnoj Gori, koristio novac sa znanjem da poti\u010de od vr\u0161enja kriminalne djelatnosti &#8211; kr\u0161enja zakona koji se odnose na kla\u0111enje i igre na sre\u0107u u sportskim takmi\u010denjima i la\u017eno prikazao \u010dinjenice o njegovom porijeklu.<\/p>\n\n\n\n<p>&#8222;Pa je tim novcem, gotovinskim isplatama, kupio: za 399.500 eura, putni\u010dko vozilo \u201cLamborghini Aventador S 6,5 V12\u201d, za 95.000 eura, putni\u010dko vozilo \u201cPorche Cayene 3.0\u201d, za 34.980 eura, putni\u010dko vozilo \u201cRange Rover Velar\u201d, za 215.000 eura, putni\u010dko vozilo \u201cMercedes AMG G63\u201d, za 110.000 eura, stambeni prostor, povr\u0161ine 43 m2 i za 375.000 eura, stambeni prostor povr\u0161ine 98 m2 i dva parking mjesta, povr\u0161ine 12 i 13 m2, u Podgorici, te tako, na nivou osnovane sumnje, izvr\u0161io pranje novca u ukupnom iznosu od 1.229.480,00 eura&#8220;, navodi se u saop\u0161tenju.<\/p>\n\n\n\n<p>Okrivljenom je, ka\u017eu, po predlogu specijalnog tu\u017eioca u optu\u017enici, produ\u017een pritvor, a sva pokretna i nepokretna imovina koju je okrivljeni stekao izvr\u0161enjem krivi\u010dnog djela je predmet finansijske istrage pokrenute od Specijalnog dr\u017eavnog tu\u017eila\u0161tva u cilju njenog trajnog oduzimanja.<\/p>","protected":false},"excerpt":{"rendered":"<p>Specijalno dr\u017eavno tu\u017eila\u0161tvo je, Specijalnom odjeljenju Vi\u0161eg suda u Podgorici, nakon zavr\u0161ene istrage, predalo optu\u017enicu protiv okrivljenog O.E, dr\u017eavljanina Turske, zbog postojanja osnovane sumnje da je izvr\u0161io produ\u017eeno krivi\u010dno djelo pranje novca, saop\u0161teno je iz SDT-a.<\/p>","protected":false},"author":1,"featured_media":923710,"comment_status":"open","ping_status":"open","sticky":false,"template":"","format":"standard","meta":{"_acf_changed":false,"footnotes":"","jetpack_publicize_message":"","jetpack_publicize_feature_enabled":true,"jetpack_social_post_already_shared":false,"jetpack_social_options":{"image_generator_settings":{"template":"highway","default_image_id":0,"font":"","enabled":false},"version":2}},"categories":[10],"tags":[5614,183],"naslovna":[],"class_list":["post-928560","post","type-post","status-publish","format-standard","has-post-thumbnail","hentry","category-hronika","tag-pranje-novca","tag-sdt"],"acf":[],"jetpack_publicize_connections":[],"_links":{"self":[{"href":"https:\/\/gradski.me\/en\/wp-json\/wp\/v2\/posts\/928560","targetHints":{"allow":["GET"]}}],"collection":[{"href":"https:\/\/gradski.me\/en\/wp-json\/wp\/v2\/posts"}],"about":[{"href":"https:\/\/gradski.me\/en\/wp-json\/wp\/v2\/types\/post"}],"author":[{"embeddable":true,"href":"https:\/\/gradski.me\/en\/wp-json\/wp\/v2\/users\/1"}],"replies":[{"embeddable":true,"href":"https:\/\/gradski.me\/en\/wp-json\/wp\/v2\/comments?post=928560"}],"version-history":[{"count":0,"href":"https:\/\/gradski.me\/en\/wp-json\/wp\/v2\/posts\/928560\/revisions"}],"wp:featuredmedia":[{"embeddable":true,"href":"https:\/\/gradski.me\/en\/wp-json\/wp\/v2\/media\/923710"}],"wp:attachment":[{"href":"https:\/\/gradski.me\/en\/wp-json\/wp\/v2\/media?parent=928560"}],"wp:term":[{"taxonomy":"category","embeddable":true,"href":"https:\/\/gradski.me\/en\/wp-json\/wp\/v2\/categories?post=928560"},{"taxonomy":"post_tag","embeddable":true,"href":"https:\/\/gradski.me\/en\/wp-json\/wp\/v2\/tags?post=928560"},{"taxonomy":"naslovna","embeddable":true,"href":"https:\/\/gradski.me\/en\/wp-json\/wp\/v2\/naslovna?post=928560"}],"curies":[{"name":"wp","href":"https:\/\/api.w.org\/{rel}","templated":true}]}}