{"id":928548,"date":"2025-05-02T09:36:00","date_gmt":"2025-05-02T07:36:00","guid":{"rendered":"https:\/\/gradski.me\/uncategorized\/mikijelj-pravi-se-veliki-korak-ka-rasterecenju-saobracaja-i-razvoju-turizma\/"},"modified":"2025-05-02T09:36:00","modified_gmt":"2025-05-02T07:36:00","slug":"mikijelj-pravi-se-veliki-korak-ka-rasterecenju-saobracaja-i-razvoju-turizma","status":"publish","type":"post","link":"https:\/\/gradski.me\/en\/ekonomija\/mikijelj-pravi-se-veliki-korak-ka-rasterecenju-saobracaja-i-razvoju-turizma\/","title":{"rendered":"Mikijelj: Pravi se veliki korak ka rastere\u0107enju saobra\u0107aja i razvoju turizma"},"content":{"rendered":"<p><\/p>\n\n\n\n<p>\u201cOvaj strate\u0161ki projekat rezultat je posve\u0107enog rada velikog tima \u010diji je najva\u017eniji dio na\u0161a koalicija. Kona\u010dno je postignuta sna\u017ena sinergija Vlade Crne Gore \u2013 Ministarstva saobra\u0107aja i ministarke <strong>Maje Vuki\u0107evi\u0107<\/strong> na \u010diji predlog je ovaj projekat i uvr\u0161ten u bud\u017eet za ovu godinu te Ministarstva prostornog planiranja, urbanizma i dr\u017eavne imovine koje vodi <strong>Slaven Radunovi\u0107<\/strong> \u2013 oboje jasno prepoznaju zna\u010daj infrastrukturnih projekata za svakodnevni \u017eivot gra\u0111ana Budve i unapre\u0111enje turizma\u201d, kazao je Mikijelj.<\/p>\n\n\n\n<p>Isti\u010de da je u mandatima prethodnih vlada Crna Gora propustila EU grant u iznosu od 41,2 miliona evra zbog neusagla\u0161enosti prostorno-planske dokumentacije kao \u0161to neprirodna koalicija DPS \u2013 Jovanovi\u0107- SDP propu\u0161ta mnoge \u0161anse u Budvi.<\/p>\n\n\n\n<p>\u201cDanas, uz jasnu viziju i odgovornu politiku, propust ranijih Vlada se ispravlja, a Budva \u0107e uskoro dobiti jedan od najva\u017enijih i najve\u0107ih infrastrukturnih projekata u poslednjih 50 godina\u201d, navodi Mikijelj.<\/p>\n\n\n\n<p>Prema njegovim rije\u010dima, dok lokalna vlast u Budvi, na \u010delu sa <strong>Nikolom Jovanovi\u0107em<\/strong> podme\u0107e pri\u010du o \u201cma\u0107ehinskom\u201d odnosu Vlade prema Budvi, koalicija \u2013 Za budu\u0107nost Budve \u2013 uvijek je isticala va\u017enost saradnje.<\/p>\n\n\n\n<p>\u201cU na\u0161em programu smo jasno naveli da \u0107emo zahtijevati od Vlade Crne Gore da se hitno defini\u0161e trasa zaobilaznice oko Budve i danas se ta na\u0161a vizija, na korist svih gra\u0111ana Budve i Boke, ostvaruje\u201d, isti\u010de Mikijelj.<\/p>\n\n\n\n<p>Navodi da je \u010dak i Nikola Jovanovi\u0107 smogao snage da pohvali napore i uspjeh koji je na\u0161a koalicija na nacionalnom nivou za ovo kratko vrijeme ostvarila.<\/p>\n\n\n\n<p>\u201cNadamo se da \u0107e se, umjesto isklju\u010divog kritikovanja, lokalna samouprava ugledati na na\u0161e predstavnike iz Vladi Crne Gore i po\u010deti kona\u010dno da radi na infrastrukturnim projektima od zna\u010daja za sve gra\u0111ane Budve. Napredak se, kolege iz koalicije DPS \u2013 Nikola Jovanovi\u0107 \u2013 SDP, ne ogleda u farbanju ulica sa bud\u017eetom od 65 miliona evra, ve\u0107 u kapitalnim projektima koji ostaju generacijama\u201d, zaklju\u010dio je Mikijelj.<\/p>","protected":false},"excerpt":{"rendered":"<p>\u010cestitamo na\u0161im kolegama u Vladi Crne Gore jer su otpo\u010deli poslove na izgradnji obilaznice vrijedne 237 miliona evra \u2013 pravi se veliki korak ka rastere\u0107enju saobra\u0107aja i razvoju turizma, kazao je Mladen Mikijelj u ime koalicije \u201cZa budu\u0107nost Budve\u201d.<\/p>","protected":false},"author":1,"featured_media":928549,"comment_status":"open","ping_status":"open","sticky":false,"template":"","format":"standard","meta":{"_acf_changed":false,"footnotes":"","jetpack_publicize_message":"","jetpack_publicize_feature_enabled":true,"jetpack_social_post_already_shared":false,"jetpack_social_options":{"image_generator_settings":{"template":"highway","default_image_id":0,"font":"","enabled":false},"version":2}},"categories":[8],"tags":[925,483,270,2824,104],"naslovna":[],"class_list":["post-928548","post","type-post","status-publish","format-standard","has-post-thumbnail","hentry","category-ekonomija","tag-budva","tag-maja-vukicevic","tag-mladen-mikijelj","tag-slaven-radunovic","tag-vlada-crne-gore"],"acf":[],"jetpack_publicize_connections":[],"_links":{"self":[{"href":"https:\/\/gradski.me\/en\/wp-json\/wp\/v2\/posts\/928548","targetHints":{"allow":["GET"]}}],"collection":[{"href":"https:\/\/gradski.me\/en\/wp-json\/wp\/v2\/posts"}],"about":[{"href":"https:\/\/gradski.me\/en\/wp-json\/wp\/v2\/types\/post"}],"author":[{"embeddable":true,"href":"https:\/\/gradski.me\/en\/wp-json\/wp\/v2\/users\/1"}],"replies":[{"embeddable":true,"href":"https:\/\/gradski.me\/en\/wp-json\/wp\/v2\/comments?post=928548"}],"version-history":[{"count":0,"href":"https:\/\/gradski.me\/en\/wp-json\/wp\/v2\/posts\/928548\/revisions"}],"wp:featuredmedia":[{"embeddable":true,"href":"https:\/\/gradski.me\/en\/wp-json\/wp\/v2\/media\/928549"}],"wp:attachment":[{"href":"https:\/\/gradski.me\/en\/wp-json\/wp\/v2\/media?parent=928548"}],"wp:term":[{"taxonomy":"category","embeddable":true,"href":"https:\/\/gradski.me\/en\/wp-json\/wp\/v2\/categories?post=928548"},{"taxonomy":"post_tag","embeddable":true,"href":"https:\/\/gradski.me\/en\/wp-json\/wp\/v2\/tags?post=928548"},{"taxonomy":"naslovna","embeddable":true,"href":"https:\/\/gradski.me\/en\/wp-json\/wp\/v2\/naslovna?post=928548"}],"curies":[{"name":"wp","href":"https:\/\/api.w.org\/{rel}","templated":true}]}}