{"id":928460,"date":"2025-05-01T16:47:00","date_gmt":"2025-05-01T14:47:00","guid":{"rendered":"https:\/\/gradski.me\/uncategorized\/istanbul-vise-od-400-ljudi-uhapseno-tokom-prvomajskih-demonstracija\/"},"modified":"2025-05-01T16:47:00","modified_gmt":"2025-05-01T14:47:00","slug":"istanbul-vise-od-400-ljudi-uhapseno-tokom-prvomajskih-demonstracija","status":"publish","type":"post","link":"https:\/\/gradski.me\/en\/svijet\/istanbul-vise-od-400-ljudi-uhapseno-tokom-prvomajskih-demonstracija\/","title":{"rendered":"Istanbul: Vi\u0161e od 400 ljudi uhap\u0161eno tokom prvomajskih demonstracija"},"content":{"rendered":"<p><br><br><br><\/p>\n\n\n\n<p><\/p>\n\n\n\n<p>Broj uhap\u0161enih pre\u0161ao je 400- saop\u0161tio je istanbulski ogranak Udru\u017eenja naprednih advokata. Vlasti za sada nisu ni\u0161ta saop\u0161tile.<\/p>\n\n\n\n<p>U Turskoj su proslave Me\u0111unarodnog praznika rada poslu\u017eile kao platforma ne samo za borbu za prava radnika ve\u0107 za \u0161ire pozive za podr\u0161ku demokratskih vrijednosti, po\u0161to su demonstranti planirali da protestuju i zbog hap\u0161enja opozicijskog gradona\u010delnika Istanbula Ekrema Imamoglua, prenosi agencija AP.<\/p>\n\n\n\n<p>Njegovo hap\u0161enje u martu podstaklo je najve\u0107e proteste u zemlji u posljednjih deset godina, a dana\u0161nji praznik otvorio je mogu\u0107nost za ponavljanje antivladinih protesta.<\/p>\n\n\n\n<p>Blokiran centar grada<\/p>\n\n\n\n<p>Vlasti su blokirale pristup centralnom Istanbulu i zatvorile ulice koje vode do centra da bi se sprije\u010dilo svako okupljanje.<\/p>\n\n\n\n<p>Novinari agencije AFP bili su svjedoci vi\u0161e desetina hap\u0161enja u pojedinim kvartovima, na evropskoj obali grada, gdje je policija blokirala ulice koje vode do trga Taksim.<\/p>\n\n\n\n<p>S rijetkim izuzecima, okupljanja su zabranjena na tom velikom trgu od kada su demonstracije 2013. potresle vlasti.<\/p>\n\n\n\n<p>Kao i prethodnih godina, policija dr\u017ei trg u blokadi posljednjih nekoliko dana.<\/p>\n\n\n\n<p>Na poziv sindikata vi\u0161e hiljada ljudi danas se okupilo u dva kvarta na azijskoj strani grada, prema snimcima turskih medija i stranih agencija.<\/p>","protected":false},"excerpt":{"rendered":"<p>Vi\u0161e od 400 ljudi uhap\u0161eno je danas u Istanbulu tokom demonstracija povodom Prvog maja, Me\u0111unarodnog praznika rada, javilo je tamo\u0161nje udru\u017eenje advokata, prenose agencije.<\/p>","protected":false},"author":5,"featured_media":928461,"comment_status":"open","ping_status":"open","sticky":false,"template":"","format":"standard","meta":{"_acf_changed":false,"footnotes":"","jetpack_publicize_message":"","jetpack_publicize_feature_enabled":true,"jetpack_social_post_already_shared":false,"jetpack_social_options":{"image_generator_settings":{"template":"highway","default_image_id":0,"font":"","enabled":false},"version":2}},"categories":[14],"tags":[5934,1830,25110],"naslovna":[],"class_list":["post-928460","post","type-post","status-publish","format-standard","has-post-thumbnail","hentry","category-svijet","tag-istanbul","tag-protesti","tag-prvi-maj"],"acf":[],"jetpack_publicize_connections":[],"_links":{"self":[{"href":"https:\/\/gradski.me\/en\/wp-json\/wp\/v2\/posts\/928460","targetHints":{"allow":["GET"]}}],"collection":[{"href":"https:\/\/gradski.me\/en\/wp-json\/wp\/v2\/posts"}],"about":[{"href":"https:\/\/gradski.me\/en\/wp-json\/wp\/v2\/types\/post"}],"author":[{"embeddable":true,"href":"https:\/\/gradski.me\/en\/wp-json\/wp\/v2\/users\/5"}],"replies":[{"embeddable":true,"href":"https:\/\/gradski.me\/en\/wp-json\/wp\/v2\/comments?post=928460"}],"version-history":[{"count":0,"href":"https:\/\/gradski.me\/en\/wp-json\/wp\/v2\/posts\/928460\/revisions"}],"wp:featuredmedia":[{"embeddable":true,"href":"https:\/\/gradski.me\/en\/wp-json\/wp\/v2\/media\/928461"}],"wp:attachment":[{"href":"https:\/\/gradski.me\/en\/wp-json\/wp\/v2\/media?parent=928460"}],"wp:term":[{"taxonomy":"category","embeddable":true,"href":"https:\/\/gradski.me\/en\/wp-json\/wp\/v2\/categories?post=928460"},{"taxonomy":"post_tag","embeddable":true,"href":"https:\/\/gradski.me\/en\/wp-json\/wp\/v2\/tags?post=928460"},{"taxonomy":"naslovna","embeddable":true,"href":"https:\/\/gradski.me\/en\/wp-json\/wp\/v2\/naslovna?post=928460"}],"curies":[{"name":"wp","href":"https:\/\/api.w.org\/{rel}","templated":true}]}}