{"id":928390,"date":"2025-05-01T11:36:00","date_gmt":"2025-05-01T09:36:00","guid":{"rendered":"https:\/\/gradski.me\/uncategorized\/rovcanin-ne-smijemo-stati-dok-ne-obestetimo-svakog-obespravljenog-radnika\/"},"modified":"2025-05-01T11:36:00","modified_gmt":"2025-05-01T09:36:00","slug":"rovcanin-ne-smijemo-stati-dok-ne-obestetimo-svakog-obespravljenog-radnika","status":"publish","type":"post","link":"https:\/\/gradski.me\/en\/drustvo\/rovcanin-ne-smijemo-stati-dok-ne-obestetimo-svakog-obespravljenog-radnika\/","title":{"rendered":"Rov\u010danin: Ne smijemo stati dok ne obe\u0161tetimo svakog obespravljenog radnika"},"content":{"rendered":"<p><\/p>\n\n\n\n<p>&#8222;Upravo oni su u jednom trenutku postali \u017ertve tranzicije i upravo njima je dr\u017eava okrenula le\u0111a. To se vi\u0161e nikada ne smije ponoviti. Zato je va\u017ean po\u010detak procesa obe\u0161te\u0107enja koji kre\u0107e od radnika drvne i \u0161umarske industrije i ne\u0107emo stati dok se svaki obespravljeni radnik ne obe\u0161teti&#8220;, naveo je Rov\u010danin.&nbsp;<\/p>\n\n\n\n<p>On je kazao da su radnici stub i temelj dru\u0161tva, dr\u017eave i op\u0161tine. Oni, kako navodi, nikada ne smiju biti brojka, statistika ili vi\u0161ak.<\/p>\n\n\n\n<p>&#8222;U Pljevljima nikada vi\u0161e ne smijemo dozvoliti da se zatvori i jedno radno mjesto, dok se ne otvori novo. Svaki radno sposobni \u010dovjek koji je bez posla, poraz je svih nas. Klju\u010dni zadatak koji mora biti pred nama kao prioritet, jesu nova radna mjesta, nove fabrike i nove investicije. Do tada moramo sa\u010duvati svakog zaposlenog&#8220;, rekao je on.&nbsp;<\/p>\n\n\n\n<p>Poru\u010duje da moramo pratiti i savremene izazove rada i blagovremeno djelovati na pobolj\u0161anje uslova svih radnika.<\/p>\n\n\n\n<p>&#8222;Za kratko vrijeme radnici u Crnoj Gori dobili su mnogo ve\u0107e zarade i uvjeren sam da \u0107e standard nastaviti uzlaznom putanjom&#8220;, zaklju\u010dio je Rov\u010danin.&nbsp;<\/p>","protected":false},"excerpt":{"rendered":"<p>Na dana\u0161nji dan, me\u0111unarodni praznik rada, moramo se prije svega sjetiti svih obespravljenih radnika, koji su bili \u017ertve nepravde, a koji su svojim rukama gradili fabrike, ulice, zgrade, \u0161kole i bolnice, koji su stvorili ovo \u0161to danas dogra\u0111ujemo i unaprije\u0111ujemo, saop\u0161tio je poslanik Demokrata Nikola Rov\u010danin, povodom 1. maja, Praznika rada. Poru\u010dio je da ne smijemo stati dok ne obe\u0161tetimo svakog obespravljenog radnika i ispravimo u\u010dinjene nepravde.<\/p>","protected":false},"author":4,"featured_media":928391,"comment_status":"open","ping_status":"open","sticky":false,"template":"","format":"standard","meta":{"_acf_changed":false,"footnotes":"","jetpack_publicize_message":"","jetpack_publicize_feature_enabled":true,"jetpack_social_post_already_shared":false,"jetpack_social_options":{"image_generator_settings":{"template":"highway","default_image_id":0,"font":"","enabled":false},"version":2}},"categories":[9],"tags":[7397,25081,8780],"naslovna":[],"class_list":["post-928390","post","type-post","status-publish","format-standard","has-post-thumbnail","hentry","category-drustvo","tag-nikola-rovcanin-2","tag-obespravljeni-radnik","tag-obestecenje"],"acf":[],"jetpack_publicize_connections":[],"_links":{"self":[{"href":"https:\/\/gradski.me\/en\/wp-json\/wp\/v2\/posts\/928390","targetHints":{"allow":["GET"]}}],"collection":[{"href":"https:\/\/gradski.me\/en\/wp-json\/wp\/v2\/posts"}],"about":[{"href":"https:\/\/gradski.me\/en\/wp-json\/wp\/v2\/types\/post"}],"author":[{"embeddable":true,"href":"https:\/\/gradski.me\/en\/wp-json\/wp\/v2\/users\/4"}],"replies":[{"embeddable":true,"href":"https:\/\/gradski.me\/en\/wp-json\/wp\/v2\/comments?post=928390"}],"version-history":[{"count":0,"href":"https:\/\/gradski.me\/en\/wp-json\/wp\/v2\/posts\/928390\/revisions"}],"wp:featuredmedia":[{"embeddable":true,"href":"https:\/\/gradski.me\/en\/wp-json\/wp\/v2\/media\/928391"}],"wp:attachment":[{"href":"https:\/\/gradski.me\/en\/wp-json\/wp\/v2\/media?parent=928390"}],"wp:term":[{"taxonomy":"category","embeddable":true,"href":"https:\/\/gradski.me\/en\/wp-json\/wp\/v2\/categories?post=928390"},{"taxonomy":"post_tag","embeddable":true,"href":"https:\/\/gradski.me\/en\/wp-json\/wp\/v2\/tags?post=928390"},{"taxonomy":"naslovna","embeddable":true,"href":"https:\/\/gradski.me\/en\/wp-json\/wp\/v2\/naslovna?post=928390"}],"curies":[{"name":"wp","href":"https:\/\/api.w.org\/{rel}","templated":true}]}}