{"id":928045,"date":"2025-06-29T17:07:00","date_gmt":"2025-06-29T15:07:00","guid":{"rendered":"https:\/\/gradski.me\/uncategorized\/scepanovic-plasticni-stubici-dali-rezultat-i-sprijecili-nepropisno-parkiranje-kaznena-politika-bice-ostrija\/"},"modified":"2025-06-29T17:07:00","modified_gmt":"2025-06-29T15:07:00","slug":"scepanovic-plasticni-stubici-dali-rezultat-i-sprijecili-nepropisno-parkiranje-kaznena-politika-bice-ostrija","status":"publish","type":"post","link":"https:\/\/gradski.me\/en\/podgorica\/scepanovic-plasticni-stubici-dali-rezultat-i-sprijecili-nepropisno-parkiranje-kaznena-politika-bice-ostrija\/","title":{"rendered":"\u0160\u0107epanovi\u0107: Plasti\u010dni stubi\u0107i dali rezultat i sprije\u010dili nepropisno parkiranje, kaznena politika bi\u0107e o\u0161trija"},"content":{"rendered":"<p><\/p>\n\n\n\n<p>&#8220;Tamo gdje su oni postavljeni dali su puni efekat, mislim da tamo nema vi\u0161e zaustavljanja ili vrlo kratko ili su gotovo rijetka, s druge strane nemamo nekih skretanja nebezbjednih u lijevo gdje su onemogu\u0107eni postavljanje stubi\u0107a, tako negdje mogu biti dimenziono manji ili druga\u010dije tehni\u010dki rijeseni i bezbjedni su za vozila jer su gumeni i savitljivi i zavr\u0161avaju posao zbog \u010dega su i postavljeni.<\/p>\n\n\n\n<p>Stubi\u0107i su u ovom trenutku pravo rje\u0161enje, ka\u017eu iz Sekretarijata za saobra\u0107aj.<\/p>\n\n\n\n<p>&#8220;Mi smo se odlu\u010dili za ovaj nepopularan trend zbog te nepropisne nekulture koja iz dana u dan koja je na ulicama grada sve vi\u0161e izra\u017eena ali informacije sa terena pokazuje da smo sa tim dosta pobolj\u0161ali tok saobra\u0107aja u gradu&#8220;, navela je <strong>Jelena \u0160\u0107epanovi\u0107<\/strong> iz Sekretarijata za saobra\u0107aj.<\/p>\n\n\n\n<p>Ve\u0107ina voza\u010da samoinicijativno uklanja stubi\u0107e, isti\u010de \u0160\u0107epanovi\u0107 i dodaje da je u izradi Zakon o bezbjednosti saobra\u0107aja, te da \u0107e kaznena politika biti o\u0161trija. &nbsp;<\/p>\n\n\n\n<p>&#8220;Ja se nadam da \u0107e br\u017ee reagovati u takvim situacijama i ovom prilikom apelujem da to ne \u010dine jer svakako \u0107e se stubi\u0107i ponovo postavljati na tim mjestima ali se nadam da \u0107e vremenom pove\u0107avanjem kulture do\u0107i do toga da uklonimo stubi\u0107e i da ne\u0107e biti potreba i zaista ih nevoljno postavljamo i nadamo se da \u0107e gra\u0111ani bolje reagovati i da se ne\u0107e parkirati na mjestima gdje nije propisano.<\/p>\n\n\n\n<p>Sekretarijat za saobra\u0107aj pripremio je novu tendersku dokumentaciju za digitalizaciju autobuskih stajali\u0161ta, kako bi se gra\u0111ani bolje informisali o polascima i dolascima gradskog prevoza, kao i elekrti\u010dnih autobusa na ulicama glavnog grada, zaklju\u010duje \u0160\u0107epanovi\u0107.<\/p>\n\n\n\n<figure class=\"wp-block-embed is-type-video is-provider-youtube wp-block-embed-youtube wp-embed-aspect-16-9 wp-has-aspect-ratio\"><div class=\"wp-block-embed__wrapper\">\n<iframe title=\"\u0160\u0107epanovi\u0107: U izradi je Zakon o bezbjednosti saobra\u0107aja, kaznena politika bi\u0107e o\u0161trija\" width=\"800\" height=\"450\" src=\"https:\/\/www.youtube.com\/embed\/ycTns-RTLow?feature=oembed\" frameborder=\"0\" allow=\"accelerometer; autoplay; clipboard-write; encrypted-media; gyroscope; picture-in-picture; web-share\" referrerpolicy=\"strict-origin-when-cross-origin\" allowfullscreen><\/iframe>\n<\/div><\/figure>","protected":false},"excerpt":{"rendered":"<p>U posljednje vrijeme, plasti\u010dni i metalni stubi\u0107i su postali svakodnevni detalj Podgorice. Ideja nadle\u017enih je jednostavna \u2013 sprije\u010diti nepropisno parkiranje. Saobra\u0107ajni vje\u0161tak Igor Radojevi\u0107 isti\u010de da su stubi\u0107i dali rezultate u saobra\u0107ajnoj nekulturi i pored brojnih negodovanja.\u00a0<\/p>","protected":false},"author":1,"featured_media":928046,"comment_status":"open","ping_status":"open","sticky":false,"template":"","format":"standard","meta":{"_acf_changed":false,"footnotes":"","jetpack_publicize_message":"","jetpack_publicize_feature_enabled":true,"jetpack_social_post_already_shared":false,"jetpack_social_options":{"image_generator_settings":{"template":"highway","default_image_id":0,"font":"","enabled":false},"version":2}},"categories":[6],"tags":[24960,17020,3808],"naslovna":[],"class_list":["post-928045","post","type-post","status-publish","format-standard","has-post-thumbnail","hentry","category-podgorica","tag-jelena-scepannovic","tag-kaznena-politika","tag-zakon-o-bezbjednosti-saobracaja"],"acf":[],"jetpack_publicize_connections":[],"_links":{"self":[{"href":"https:\/\/gradski.me\/en\/wp-json\/wp\/v2\/posts\/928045","targetHints":{"allow":["GET"]}}],"collection":[{"href":"https:\/\/gradski.me\/en\/wp-json\/wp\/v2\/posts"}],"about":[{"href":"https:\/\/gradski.me\/en\/wp-json\/wp\/v2\/types\/post"}],"author":[{"embeddable":true,"href":"https:\/\/gradski.me\/en\/wp-json\/wp\/v2\/users\/1"}],"replies":[{"embeddable":true,"href":"https:\/\/gradski.me\/en\/wp-json\/wp\/v2\/comments?post=928045"}],"version-history":[{"count":0,"href":"https:\/\/gradski.me\/en\/wp-json\/wp\/v2\/posts\/928045\/revisions"}],"wp:featuredmedia":[{"embeddable":true,"href":"https:\/\/gradski.me\/en\/wp-json\/wp\/v2\/media\/928046"}],"wp:attachment":[{"href":"https:\/\/gradski.me\/en\/wp-json\/wp\/v2\/media?parent=928045"}],"wp:term":[{"taxonomy":"category","embeddable":true,"href":"https:\/\/gradski.me\/en\/wp-json\/wp\/v2\/categories?post=928045"},{"taxonomy":"post_tag","embeddable":true,"href":"https:\/\/gradski.me\/en\/wp-json\/wp\/v2\/tags?post=928045"},{"taxonomy":"naslovna","embeddable":true,"href":"https:\/\/gradski.me\/en\/wp-json\/wp\/v2\/naslovna?post=928045"}],"curies":[{"name":"wp","href":"https:\/\/api.w.org\/{rel}","templated":true}]}}