{"id":928044,"date":"2025-06-29T16:05:00","date_gmt":"2025-06-29T14:05:00","guid":{"rendered":"https:\/\/gradski.me\/uncategorized\/noris-se-radovao-u-austriji\/"},"modified":"2025-06-29T16:05:00","modified_gmt":"2025-06-29T14:05:00","slug":"noris-se-radovao-u-austriji","status":"publish","type":"post","link":"https:\/\/gradski.me\/en\/sport\/noris-se-radovao-u-austriji\/","title":{"rendered":"Noris se radovao u Austriji"},"content":{"rendered":"<p>Njegov timski kolega Oskar Pjastri zavr\u0161io je drugi, dok je tre\u0107e mjesto pripalo voza\u010du Ferarija \u0160arlu Lekleru.<\/p>\n\n\n\n<p>Nakon samo tridesetak sekundi trke do\u0161lo je do incidenta, u tre\u0107oj krivini prvog kruga kada je Kimi Antoneli iz Mercedesa izbacio Maksa Ferstapena, \u010dime su obojica zavr\u0161ili trku. <\/p>\n\n\n\n<p>Me\u0111u osvaja\u010dima bodova bili su jo\u0161 i Luis Hamilton, D\u017eord\u017e Rasel, Lijam Loson, Fernando Alonso, Gabrijel Bortoleto, Niko Hulkenberg i Esteban Okon. <\/p>\n\n\n\n<p>U generalnom plasmanu Pjastri je vode\u0107i sa 216 bodova, drugi je Noris sa 15 bodova manje, tre\u0107e mjesto zauzima Ferstapen sa 155 bodova. <\/p>\n\n\n\n<p>Naredna trka vozi se ve\u0107 naredne sedmice u Silverstonu, na Velikoj nagradi Velike Britanije.<\/p>","protected":false},"excerpt":{"rendered":"<p>Lando Noris iz Meklarena trijumfovao je na Velikoj nagradi Austrije, iskoristiv\u0161i pol poziciju i odbraniv\u0161i prvo mjesto u 11. trci sezone Formule 1.<\/p>","protected":false},"author":7,"featured_media":927870,"comment_status":"open","ping_status":"open","sticky":false,"template":"","format":"standard","meta":{"_acf_changed":false,"footnotes":"","jetpack_publicize_message":"","jetpack_publicize_feature_enabled":true,"jetpack_social_post_already_shared":false,"jetpack_social_options":{"image_generator_settings":{"template":"highway","default_image_id":0,"font":"","enabled":false},"version":2}},"categories":[15],"tags":[698,699,24959],"naslovna":[],"class_list":["post-928044","post","type-post","status-publish","format-standard","has-post-thumbnail","hentry","category-sport","tag-formula-1","tag-lando-noris","tag-trka-za-veliku-nagradu-austrije"],"acf":[],"jetpack_publicize_connections":[],"_links":{"self":[{"href":"https:\/\/gradski.me\/en\/wp-json\/wp\/v2\/posts\/928044","targetHints":{"allow":["GET"]}}],"collection":[{"href":"https:\/\/gradski.me\/en\/wp-json\/wp\/v2\/posts"}],"about":[{"href":"https:\/\/gradski.me\/en\/wp-json\/wp\/v2\/types\/post"}],"author":[{"embeddable":true,"href":"https:\/\/gradski.me\/en\/wp-json\/wp\/v2\/users\/7"}],"replies":[{"embeddable":true,"href":"https:\/\/gradski.me\/en\/wp-json\/wp\/v2\/comments?post=928044"}],"version-history":[{"count":0,"href":"https:\/\/gradski.me\/en\/wp-json\/wp\/v2\/posts\/928044\/revisions"}],"wp:featuredmedia":[{"embeddable":true,"href":"https:\/\/gradski.me\/en\/wp-json\/wp\/v2\/media\/927870"}],"wp:attachment":[{"href":"https:\/\/gradski.me\/en\/wp-json\/wp\/v2\/media?parent=928044"}],"wp:term":[{"taxonomy":"category","embeddable":true,"href":"https:\/\/gradski.me\/en\/wp-json\/wp\/v2\/categories?post=928044"},{"taxonomy":"post_tag","embeddable":true,"href":"https:\/\/gradski.me\/en\/wp-json\/wp\/v2\/tags?post=928044"},{"taxonomy":"naslovna","embeddable":true,"href":"https:\/\/gradski.me\/en\/wp-json\/wp\/v2\/naslovna?post=928044"}],"curies":[{"name":"wp","href":"https:\/\/api.w.org\/{rel}","templated":true}]}}