{"id":927958,"date":"2025-06-29T09:46:00","date_gmt":"2025-06-29T07:46:00","guid":{"rendered":"https:\/\/gradski.me\/uncategorized\/celanovic-predsjednik-opstine-koji-je-na-toj-poziciji-mimo-volje-biraca-nas-ubjedjuje-da-nema-krize-vlasti-u-kotoru\/"},"modified":"2025-06-29T09:46:00","modified_gmt":"2025-06-29T07:46:00","slug":"celanovic-predsjednik-opstine-koji-je-na-toj-poziciji-mimo-volje-biraca-nas-ubjedjuje-da-nema-krize-vlasti-u-kotoru","status":"publish","type":"post","link":"https:\/\/gradski.me\/en\/politika\/celanovic-predsjednik-opstine-koji-je-na-toj-poziciji-mimo-volje-biraca-nas-ubjedjuje-da-nema-krize-vlasti-u-kotoru\/","title":{"rendered":"\u010celanovi\u0107: Predsjednik op\u0161tine koji je na toj poziciji mimo volje bira\u010da nas ubje\u0111uje da nema krize vlasti u Kotoru"},"content":{"rendered":"<p>\u010celanovi\u0107 je Joki\u0107a podsjetio na nekoliko \u010dinjenica.<\/p>\n\n\n\n<p>\u201cPo\u0161to izgleda u va\u0161em univerzumu stvari izgledaju ru\u017ei\u010dasto da vas podsjetimo na par stvari: prvi put kad ste izgubili ve\u0107inu u lokalnom parlamentu obezbjedili ste je uz pomo\u0107 dijela odbornika DPS-a koji su odborni\u010dke funkcije zavrijedili o\u0161trim opozicionim glasovima (klasi\u010dan vid politi\u010dke korupcije, ali u maniru partije kojoj pripadate); sada ste na poziciji predsjednika Op\u0161tine tako \u0161to su vas birala najmanje \u010detiri nepostoje\u0107a odbornika, odnosno odbornika \u010dije liste ili nisu u\u010destvovale na izborima ili nisu pre\u0161le cenzus i tri odbornika sa liste DPS-a\u201d, istakao je \u010celanovi\u0107.<\/p>\n\n\n\n<p>On je upitao Joki\u0107a kako zna kakva \u0107e biti odluka Ustavnog suda.<\/p>\n\n\n\n<p>\u201cZa kraj ovog saop\u0161tenja zamoli\u0107u vas da objasnite javnosti odakle znate kakva \u0107e biti odluka Ustavnog suda\u201d, naveo je \u010celanovi\u0107.<\/p>\n\n\n\n<p>\u010celanovi\u0107 je zaklju\u010dio rije\u010dima: Nema politi\u010dke krize, ali ipak malo bolje \u201cpogledajte semafor\u201d.<\/p>\n\n\n\n<p><\/p>","protected":false},"excerpt":{"rendered":"<p>Predsjednik op\u0161tine koji je po ko zna koji put na toj poziciji mimo volje bira\u010da nas ubje\u0111uje da nema krize vlasti u Kotoru, poru\u010dio je generalni sekretar SD-a i nosilac liste Evropskog saveza u Kotoru\u00a0Milo\u0161 \u010celanovi\u0107, reaguju\u0107i na izjavu\u00a0Vladimira Joki\u0107a, koji je kazao da \u0107e nakon izbora sudije Ustavnog suda biti formirana koaliciona vlast u Kotoru, te da u toj op\u0161tini ne postoji kriza vlasti.<\/p>","protected":false},"author":18,"featured_media":927959,"comment_status":"open","ping_status":"open","sticky":false,"template":"","format":"standard","meta":{"_acf_changed":false,"footnotes":"","jetpack_publicize_message":"","jetpack_publicize_feature_enabled":true,"jetpack_social_post_already_shared":false,"jetpack_social_options":{"image_generator_settings":{"template":"highway","default_image_id":0,"font":"","enabled":false},"version":2}},"categories":[7],"tags":[134,634,3846],"naslovna":[],"class_list":["post-927958","post","type-post","status-publish","format-standard","has-post-thumbnail","hentry","category-politika","tag-kotor","tag-milos-celanovic","tag-vladimir-jokic"],"acf":[],"jetpack_publicize_connections":[],"_links":{"self":[{"href":"https:\/\/gradski.me\/en\/wp-json\/wp\/v2\/posts\/927958","targetHints":{"allow":["GET"]}}],"collection":[{"href":"https:\/\/gradski.me\/en\/wp-json\/wp\/v2\/posts"}],"about":[{"href":"https:\/\/gradski.me\/en\/wp-json\/wp\/v2\/types\/post"}],"author":[{"embeddable":true,"href":"https:\/\/gradski.me\/en\/wp-json\/wp\/v2\/users\/18"}],"replies":[{"embeddable":true,"href":"https:\/\/gradski.me\/en\/wp-json\/wp\/v2\/comments?post=927958"}],"version-history":[{"count":0,"href":"https:\/\/gradski.me\/en\/wp-json\/wp\/v2\/posts\/927958\/revisions"}],"wp:featuredmedia":[{"embeddable":true,"href":"https:\/\/gradski.me\/en\/wp-json\/wp\/v2\/media\/927959"}],"wp:attachment":[{"href":"https:\/\/gradski.me\/en\/wp-json\/wp\/v2\/media?parent=927958"}],"wp:term":[{"taxonomy":"category","embeddable":true,"href":"https:\/\/gradski.me\/en\/wp-json\/wp\/v2\/categories?post=927958"},{"taxonomy":"post_tag","embeddable":true,"href":"https:\/\/gradski.me\/en\/wp-json\/wp\/v2\/tags?post=927958"},{"taxonomy":"naslovna","embeddable":true,"href":"https:\/\/gradski.me\/en\/wp-json\/wp\/v2\/naslovna?post=927958"}],"curies":[{"name":"wp","href":"https:\/\/api.w.org\/{rel}","templated":true}]}}