{"id":927928,"date":"2025-06-28T21:08:57","date_gmt":"2025-06-28T19:08:57","guid":{"rendered":"https:\/\/gradski.me\/uncategorized\/kadeti-ubjedljivi-protiv-njemacke-u-pljevljima\/"},"modified":"2025-06-28T21:08:57","modified_gmt":"2025-06-28T19:08:57","slug":"kadeti-ubjedljivi-protiv-njemacke-u-pljevljima","status":"publish","type":"post","link":"https:\/\/gradski.me\/en\/sport\/kadeti-ubjedljivi-protiv-njemacke-u-pljevljima\/","title":{"rendered":"Kadeti ubjedljivi protiv Njema\u010dke u Pljevljima"},"content":{"rendered":"<p>Reprezentacija Njema\u010dke gost je Odbojka\u0161kog saveza Crne Gore i boravi\u0107e sedam dana u Pljevljima, gdje \u0107e zajedno sa na\u0161om selekcijom trenirati i igrati kontrolne me\u010deve.<\/p>\n\n\n\n<p>&#8222;Zajedni\u010dke pripreme u Pljevljima su samo po\u010detak saradnje izme\u0111u dva saveza koja je dogovorena tokom \u201cZimskog kupa\u201d u Pordenoneu, a koja \u0107e se nastaviti u decembru, kada \u0107e na\u0161i kadeti boraviti u Berlinu, u sklopu priprema za predstoje\u0107e kvalifikacije za Evropsko prvenstvo&#8220;, saop\u0161teno je iz OSCG.<\/p>\n\n\n\n<p><\/p>","protected":false},"excerpt":{"rendered":"<p>Mu\u0161ka kadetska odbojka\u0161ka reprezentacija Crne Gore savladala je vr\u0161njake iz Njema\u010dke rezultatom 3:0 (26:24, 25:16, 25:20), u prvom prijateljskom me\u010du odigranom ve\u010deras u Pljevljima, tokom pripremnog perioda za U19 Balkansko prvenstvo.<\/p>","protected":false},"author":7,"featured_media":927929,"comment_status":"open","ping_status":"open","sticky":false,"template":"","format":"standard","meta":{"_acf_changed":false,"footnotes":"","jetpack_publicize_message":"","jetpack_publicize_feature_enabled":true,"jetpack_social_post_already_shared":false,"jetpack_social_options":{"image_generator_settings":{"template":"highway","default_image_id":0,"font":"","enabled":false},"version":2}},"categories":[15],"tags":[21022,24912,24366,24559],"naslovna":[],"class_list":["post-927928","post","type-post","status-publish","format-standard","has-post-thumbnail","hentry","category-sport","tag-muska-kadetska-odbojkaska-reprezentacija-crne-gore","tag-muska-kadetska-odbojkaska-reprezentacija-njemacke","tag-prijateljski-mec","tag-pripreme-za-balkansko-prvenstvo"],"acf":[],"jetpack_publicize_connections":[],"_links":{"self":[{"href":"https:\/\/gradski.me\/en\/wp-json\/wp\/v2\/posts\/927928","targetHints":{"allow":["GET"]}}],"collection":[{"href":"https:\/\/gradski.me\/en\/wp-json\/wp\/v2\/posts"}],"about":[{"href":"https:\/\/gradski.me\/en\/wp-json\/wp\/v2\/types\/post"}],"author":[{"embeddable":true,"href":"https:\/\/gradski.me\/en\/wp-json\/wp\/v2\/users\/7"}],"replies":[{"embeddable":true,"href":"https:\/\/gradski.me\/en\/wp-json\/wp\/v2\/comments?post=927928"}],"version-history":[{"count":0,"href":"https:\/\/gradski.me\/en\/wp-json\/wp\/v2\/posts\/927928\/revisions"}],"wp:featuredmedia":[{"embeddable":true,"href":"https:\/\/gradski.me\/en\/wp-json\/wp\/v2\/media\/927929"}],"wp:attachment":[{"href":"https:\/\/gradski.me\/en\/wp-json\/wp\/v2\/media?parent=927928"}],"wp:term":[{"taxonomy":"category","embeddable":true,"href":"https:\/\/gradski.me\/en\/wp-json\/wp\/v2\/categories?post=927928"},{"taxonomy":"post_tag","embeddable":true,"href":"https:\/\/gradski.me\/en\/wp-json\/wp\/v2\/tags?post=927928"},{"taxonomy":"naslovna","embeddable":true,"href":"https:\/\/gradski.me\/en\/wp-json\/wp\/v2\/naslovna?post=927928"}],"curies":[{"name":"wp","href":"https:\/\/api.w.org\/{rel}","templated":true}]}}