{"id":927897,"date":"2025-06-28T18:06:42","date_gmt":"2025-06-28T16:06:42","guid":{"rendered":"https:\/\/gradski.me\/uncategorized\/adzovic-crna-gora-raspolaze-sa-vise-od-7-000-kilometara-modernih-puteva\/"},"modified":"2025-06-28T18:06:42","modified_gmt":"2025-06-28T16:06:42","slug":"adzovic-crna-gora-raspolaze-sa-vise-od-7-000-kilometara-modernih-puteva","status":"publish","type":"post","link":"https:\/\/gradski.me\/en\/ekonomija\/adzovic-crna-gora-raspolaze-sa-vise-od-7-000-kilometara-modernih-puteva\/","title":{"rendered":"Ad\u017eovi\u0107: Crna Gora raspola\u017ee sa vi\u0161e od 7.000 kilometara modernih puteva"},"content":{"rendered":"<p>\u201cCrna Gora, zahvaljuju\u0107i svom geografskom polo\u017eaju, oduvijek je predstavljala raskrsnicu puteva, mjesto susreta kultura, ali i predmet interesovanja velikih svjetskih sila\u201d, naglasila je Ad\u017eovi\u0107, dodaju\u0107i da taj va\u017ean geopoliti\u010dki polo\u017eaj istorijski nije uvijek pratio ekonomski i infrastrukturni razvoj zemlje.<\/p>\n\n\n\n<p>Danas, kako je istakla, Crna Gora ima priliku da iskoristi svoj polo\u017eaj za sna\u017eniji unutra\u0161nji i regionalni razvoj.<\/p>\n\n\n\n<p>Ministarka je posebno naglasila da je jedan od prioriteta Crne Gore ja\u010danje saobra\u0107ajne povezanosti kroz razvoj prekograni\u010dnih koridora.<\/p>\n\n\n\n<p>Od posebnog zna\u010daja je napomenuti Zapadni Balkan\u2013Isto\u010dni Mediteran. U tom kontekstu, osvrnula se na zna\u010daj brze primorske saobra\u0107ajnice koja \u0107e povezati gradove, smanjiti gu\u017eve, podsta\u0107i ekonomski rast, ali i povezati Crnu Goru sa susjedima.<\/p>\n\n\n\n<p>Ad\u017eovi\u0107 je naglasila da se infrastrukturni projekti ne realizuju radi statistike, ve\u0107 da bi gra\u0111ani imali pristup znanju, tr\u017ei\u0161tima i prilikama.<\/p>\n\n\n\n<p>U okviru Plana rasta za Zapadni Balkan, Crna Gora je dobila zna\u010dajan dio sredstava od EU&nbsp; koji je namijenjen unapre\u0111enju saobra\u0107ajne povezanosti i razvoju pametnih, odr\u017eivih koridora.<\/p>\n\n\n\n<p>\u201cCilj Vlade Crne Gore je dalji razvoj saobra\u0107ajne mre\u017ee, ne samo radi teritorijalnog povezivanja, ve\u0107 i radi podsticanja ravnomjernog razvoja, privla\u010denja investicija, zadr\u017eavanja mladih i ubrzanja evropskih integracija. Svaki put, pruga ili luka u Crnoj Gori predstavlja most ka sna\u017enijoj, sigurnijoj i odr\u017eivoj budu\u0107nosti\u201d, zaklju\u010dila je Ad\u017eovi\u0107.<\/p>\n\n\n\n<p>Ministarka je poru\u010dila da Crna Gora, u okviru procesa pristupanja Evropskoj uniji, a koji je prioritet njene vanjske politike, daje primat povezivanju \u2013 unutar zemlje, sa regionom i ostatkom kontinenta \u2013 jer je to temelj ne samo infrastrukturnog, ve\u0107 i ukupnog dru\u0161tveno-ekonomskog razvoja i garant boljeg kvaliteta \u017eivota svih gra\u0111ana.<\/p>","protected":false},"excerpt":{"rendered":"<p>Crna Gora danas raspola\u017ee sa vi\u0161e od 7.000 kilometara modernih puteva i u fokusu ima unapre\u0111enje saobra\u0107ajne infrastrukture kroz zna\u010dajna ulaganja, kazala je ministarka javnih radova Crne Gore\u00a0Majda Ad\u017eovi\u0107\u00a0na panel diskusiji pod nazivom \u201cGradovi i koridori: Kako globalne transportne mre\u017ee oblikuju urbane budu\u0107nosti\u201d, u okviru Globalnog foruma transportne povezanosti, koji se odr\u017eava u Istanbulu od 27. do 29. juna.<\/p>","protected":false},"author":18,"featured_media":927898,"comment_status":"open","ping_status":"open","sticky":false,"template":"","format":"standard","meta":{"_acf_changed":false,"footnotes":"","jetpack_publicize_message":"","jetpack_publicize_feature_enabled":true,"jetpack_social_post_already_shared":false,"jetpack_social_options":{"image_generator_settings":{"template":"highway","default_image_id":0,"font":"","enabled":false},"version":2}},"categories":[8],"tags":[7058,24905,1479],"naslovna":[],"class_list":["post-927897","post","type-post","status-publish","format-standard","has-post-thumbnail","hentry","category-ekonomija","tag-forum","tag-maja-adzovic","tag-putevi"],"acf":[],"jetpack_publicize_connections":[],"_links":{"self":[{"href":"https:\/\/gradski.me\/en\/wp-json\/wp\/v2\/posts\/927897","targetHints":{"allow":["GET"]}}],"collection":[{"href":"https:\/\/gradski.me\/en\/wp-json\/wp\/v2\/posts"}],"about":[{"href":"https:\/\/gradski.me\/en\/wp-json\/wp\/v2\/types\/post"}],"author":[{"embeddable":true,"href":"https:\/\/gradski.me\/en\/wp-json\/wp\/v2\/users\/18"}],"replies":[{"embeddable":true,"href":"https:\/\/gradski.me\/en\/wp-json\/wp\/v2\/comments?post=927897"}],"version-history":[{"count":0,"href":"https:\/\/gradski.me\/en\/wp-json\/wp\/v2\/posts\/927897\/revisions"}],"wp:featuredmedia":[{"embeddable":true,"href":"https:\/\/gradski.me\/en\/wp-json\/wp\/v2\/media\/927898"}],"wp:attachment":[{"href":"https:\/\/gradski.me\/en\/wp-json\/wp\/v2\/media?parent=927897"}],"wp:term":[{"taxonomy":"category","embeddable":true,"href":"https:\/\/gradski.me\/en\/wp-json\/wp\/v2\/categories?post=927897"},{"taxonomy":"post_tag","embeddable":true,"href":"https:\/\/gradski.me\/en\/wp-json\/wp\/v2\/tags?post=927897"},{"taxonomy":"naslovna","embeddable":true,"href":"https:\/\/gradski.me\/en\/wp-json\/wp\/v2\/naslovna?post=927897"}],"curies":[{"name":"wp","href":"https:\/\/api.w.org\/{rel}","templated":true}]}}