{"id":927868,"date":"2025-06-28T15:44:38","date_gmt":"2025-06-28T13:44:38","guid":{"rendered":"https:\/\/gradski.me\/uncategorized\/norisu-pol-pozicija-u-austriji\/"},"modified":"2025-06-28T15:44:38","modified_gmt":"2025-06-28T13:44:38","slug":"norisu-pol-pozicija-u-austriji","status":"publish","type":"post","link":"https:\/\/gradski.me\/en\/sport\/norisu-pol-pozicija-u-austriji\/","title":{"rendered":"Norisu pol pozicija u Austriji"},"content":{"rendered":"<p>Time je prekinuo petogodi\u0161nju dominaciju Maksa Ferstapena na ovoj stazi, koji je zbog \u017eutih zastava u posljednjem brzom krugu morao da uspori i zavr\u0161io van prvih deset. <\/p>\n\n\n\n<p>Drugo mjesto pripalo je \u0160arlu Lekleru u Ferariju, dok je tre\u0107i bio Oskar Pjastri. Luis Hamilton kre\u0107e kao \u010detvrti, ispred timskog kolege D\u017eord\u017ea Rasela. <\/p>\n\n\n\n<p>Lijam Loson na\u0161a se na \u0161estoj poziciji, dok je Gabrijel Bortoleto prvi put u karijeri zavr\u0161io kvalifikacije me\u0111u deset najboljih &#8211; osmi. Kim Antoneli bio je deveti, Pjer Gasli deseti.<\/p>\n\n\n\n<p>Trka za Veliku nagradu Austrije na programu je sjutra (nedjelja) sa po\u010detkom od 15 \u010dasova.<\/p>","protected":false},"excerpt":{"rendered":"<p>Lando Noris u Meklarenu ostvario je najbolji rezultat u kvalifikacijama za Veliku nagradu Austrije, voze\u0107i krug za 1:03.971.<\/p>","protected":false},"author":7,"featured_media":927870,"comment_status":"open","ping_status":"open","sticky":false,"template":"","format":"standard","meta":{"_acf_changed":false,"footnotes":"","jetpack_publicize_message":"","jetpack_publicize_feature_enabled":true,"jetpack_social_post_already_shared":false,"jetpack_social_options":{"image_generator_settings":{"template":"highway","default_image_id":0,"font":"","enabled":false},"version":2}},"categories":[15],"tags":[698,5609,24894,24895],"naslovna":[],"class_list":["post-927868","post","type-post","status-publish","format-standard","has-post-thumbnail","hentry","category-sport","tag-formula-1","tag-kvalifikacije","tag-lando-noriv","tag-velika-nagrada-austrije"],"acf":[],"jetpack_publicize_connections":[],"_links":{"self":[{"href":"https:\/\/gradski.me\/en\/wp-json\/wp\/v2\/posts\/927868","targetHints":{"allow":["GET"]}}],"collection":[{"href":"https:\/\/gradski.me\/en\/wp-json\/wp\/v2\/posts"}],"about":[{"href":"https:\/\/gradski.me\/en\/wp-json\/wp\/v2\/types\/post"}],"author":[{"embeddable":true,"href":"https:\/\/gradski.me\/en\/wp-json\/wp\/v2\/users\/7"}],"replies":[{"embeddable":true,"href":"https:\/\/gradski.me\/en\/wp-json\/wp\/v2\/comments?post=927868"}],"version-history":[{"count":0,"href":"https:\/\/gradski.me\/en\/wp-json\/wp\/v2\/posts\/927868\/revisions"}],"wp:featuredmedia":[{"embeddable":true,"href":"https:\/\/gradski.me\/en\/wp-json\/wp\/v2\/media\/927870"}],"wp:attachment":[{"href":"https:\/\/gradski.me\/en\/wp-json\/wp\/v2\/media?parent=927868"}],"wp:term":[{"taxonomy":"category","embeddable":true,"href":"https:\/\/gradski.me\/en\/wp-json\/wp\/v2\/categories?post=927868"},{"taxonomy":"post_tag","embeddable":true,"href":"https:\/\/gradski.me\/en\/wp-json\/wp\/v2\/tags?post=927868"},{"taxonomy":"naslovna","embeddable":true,"href":"https:\/\/gradski.me\/en\/wp-json\/wp\/v2\/naslovna?post=927868"}],"curies":[{"name":"wp","href":"https:\/\/api.w.org\/{rel}","templated":true}]}}