{"id":927787,"date":"2025-06-28T13:45:00","date_gmt":"2025-06-28T11:45:00","guid":{"rendered":"https:\/\/gradski.me\/uncategorized\/zahvalnice-zaposlenima-za-predan-rad-i-unapredjenje-kvaliteta-u-jpu-djina-vrbica\/"},"modified":"2025-06-28T13:45:00","modified_gmt":"2025-06-28T11:45:00","slug":"zahvalnice-zaposlenima-za-predan-rad-i-unapredjenje-kvaliteta-u-jpu-djina-vrbica","status":"publish","type":"post","link":"https:\/\/gradski.me\/en\/drustvo\/zahvalnice-zaposlenima-za-predan-rad-i-unapredjenje-kvaliteta-u-jpu-djina-vrbica\/","title":{"rendered":"Zahvalnice zaposlenima za predan rad i unapre\u0111enje kvaliteta u JPU \u201e\u0110ina Vrbica\u201c"},"content":{"rendered":"<p><\/p>\n\n\n\n<p>Priznanja su uru\u010dena u skladu sa Pravilnikom o nagra\u0111ivanju i pohvaljivanju zaposlenih, kojim se vrednuju rezultati, inicijative i doprinos unapre\u0111enju kvaliteta rada Ustanove.<\/p>\n\n\n\n<p><strong>Direktorica JPU \u201e\u0110ina Vrbica\u201c Bojana Razi\u0107<\/strong>&nbsp;pojasnila je da ova inicijativa ima za cilj da prepozna i nagradi trud, odgovornost i timski duh zaposlenih te ustanove, kao i da podstakne dalji profesionalni razvoj i motivaciju.<\/p>\n\n\n\n<p>\u201eVerujemo da je ulaganje u ljude najbolji put ka napretku i zajedni\u010dkom uspjehu\u201c, poru\u010dila je Razi\u0107.<\/p>\n\n\n\n<p>Ona je kazala da je i ova godina bila puna izazova, ali da je ovaj doga\u0111aj prilika da poka\u017eu koliko su kao kolektiv jaki, posve\u0107eni i sr\u010dani.<\/p>\n\n\n\n<p>\u201eSvaki osmijeh djeteta, svaki napredak koji vidimo, svaki dan koji pro\u0111e u igri, u\u010denju i sigurnosti \u2014 to je rezultat na\u0161eg zajedni\u010dkog rada. Zato \u017eelim da se zahvalim svima Vama. Vaspita\u010dicama i vaspita\u010dima, medicinskim sestrama, asistentima, koji svakodnevno daju srce i strpljenje na\u0161oj djeci, kao i profesorima engleskog. Pomo\u0107nom osoblju koje brine da prostor bude bezbjedan, uredan i topao\u201c, navela je Razi\u0107.&nbsp;&nbsp;<\/p>\n\n\n\n<p>Ona se zahvalila stru\u010dnim saradnicima koji svojim znanjem doprinose razvoju svakog djeteta, kao i svima onima koji, kako je navela, \u010desto neprimjetno, \u010dine da sistem funkcioni\u0161e \u2014 od kuhinje do administracije<\/p>\n\n\n\n<p>\u201eVa\u0161 trud se vidi. Va\u0161a ljubav prema poslu se osje\u0107a. I ono \u0161to zajedno gradimo \u2014 to se pamti\u201c, poru\u010dila je Razi\u0107.<\/p>\n\n\n\n<p>Ona se zahvalila i penzionerima na godinama predanog rada, ljubavi i pa\u017enje koju ste pru\u017eili svojim radom.<\/p>\n\n\n\n<p>\u201eVa\u0161 doprinos je neizbrisiv trag u mnogim malim \u017eivotima, a Va\u0161e iskustvo i posve\u0107enost ostaju trajna inspiracija za sve nas. \u017delim Vam mnogo zdravlja, radosti i zaslu\u017eenog mira u penzionerskim danima\u201c, rekla je Razi\u0107.<\/p>","protected":false},"excerpt":{"rendered":"<p>Javna pred\u0161kolska ustanova (JPU) \u201e\u0110ina Vrbica\u201c\u00a0organizovala je sve\u010danu dodjelu zahvalnica zaposlenima, u znak priznanja za, kako je saop\u0161teno, njihov predani rad, posve\u0107enost, profesionalizam i nesebi\u010dan doprinos razvoju djece, unapre\u0111enju kvaliteta rada i ja\u010danju zajedni\u0161tva unutar ustanove.<\/p>","protected":false},"author":1,"featured_media":927788,"comment_status":"open","ping_status":"open","sticky":false,"template":"","format":"standard","meta":{"_acf_changed":false,"footnotes":"","jetpack_publicize_message":"","jetpack_publicize_feature_enabled":true,"jetpack_social_post_already_shared":false,"jetpack_social_options":{"image_generator_settings":{"template":"highway","default_image_id":0,"font":"","enabled":false},"version":2}},"categories":[9],"tags":[9542,24860],"naslovna":[],"class_list":["post-927787","post","type-post","status-publish","format-standard","has-post-thumbnail","hentry","category-drustvo","tag-jpu-djina-vrbica","tag-zahvalnice-zaposlenima"],"acf":[],"jetpack_publicize_connections":[],"_links":{"self":[{"href":"https:\/\/gradski.me\/en\/wp-json\/wp\/v2\/posts\/927787","targetHints":{"allow":["GET"]}}],"collection":[{"href":"https:\/\/gradski.me\/en\/wp-json\/wp\/v2\/posts"}],"about":[{"href":"https:\/\/gradski.me\/en\/wp-json\/wp\/v2\/types\/post"}],"author":[{"embeddable":true,"href":"https:\/\/gradski.me\/en\/wp-json\/wp\/v2\/users\/1"}],"replies":[{"embeddable":true,"href":"https:\/\/gradski.me\/en\/wp-json\/wp\/v2\/comments?post=927787"}],"version-history":[{"count":0,"href":"https:\/\/gradski.me\/en\/wp-json\/wp\/v2\/posts\/927787\/revisions"}],"wp:featuredmedia":[{"embeddable":true,"href":"https:\/\/gradski.me\/en\/wp-json\/wp\/v2\/media\/927788"}],"wp:attachment":[{"href":"https:\/\/gradski.me\/en\/wp-json\/wp\/v2\/media?parent=927787"}],"wp:term":[{"taxonomy":"category","embeddable":true,"href":"https:\/\/gradski.me\/en\/wp-json\/wp\/v2\/categories?post=927787"},{"taxonomy":"post_tag","embeddable":true,"href":"https:\/\/gradski.me\/en\/wp-json\/wp\/v2\/tags?post=927787"},{"taxonomy":"naslovna","embeddable":true,"href":"https:\/\/gradski.me\/en\/wp-json\/wp\/v2\/naslovna?post=927787"}],"curies":[{"name":"wp","href":"https:\/\/api.w.org\/{rel}","templated":true}]}}