{"id":927544,"date":"2025-06-26T19:24:00","date_gmt":"2025-06-26T17:24:00","guid":{"rendered":"https:\/\/gradski.me\/uncategorized\/istrazuju-kako-su-toksicne-materije-iz-rudnika-u-pljevljima-zavrsile-u-cehotini\/"},"modified":"2025-06-26T19:24:00","modified_gmt":"2025-06-26T17:24:00","slug":"istrazuju-kako-su-toksicne-materije-iz-rudnika-u-pljevljima-zavrsile-u-cehotini","status":"publish","type":"post","link":"https:\/\/gradski.me\/en\/drustvo\/istrazuju-kako-su-toksicne-materije-iz-rudnika-u-pljevljima-zavrsile-u-cehotini\/","title":{"rendered":"Istra\u017euju kako su toksi\u010dne materije iz rudnika u Pljevljima zavr\u0161ile u \u0106ehotini"},"content":{"rendered":"<p><\/p>\n\n\n\n<p><strong>Kerim Selmanovi\u0107<\/strong>&nbsp;iz SRK \u201cLipljen\u201d isti\u010de da \u0107e vjerovatno to imati me\u0111unarodni karakter.<\/p>\n\n\n\n<p>\u0160tetu po ekosistem i zdravlje ljudi uzrokuje neodgovaraju\u0107e upravljanje otpadom, tako tvrde ljudi koji su uo\u010dili i prijavili najnoviji incident.<\/p>\n\n\n\n<p>\u201cIspod folije, dolje zna\u010di, otvorila se rupa koja mora betonskom konstrukcijom da se zatvori ovako zatrpavanjem nekim \u0161utom ili ne\u010dim, to je nemogu\u0107e\u201d, navodi Selmanovi\u0107.<\/p>\n\n\n\n<p>Mogu\u0107e je, me\u0111utim, utvrditi okolnosti i odgovornost, ali i mjere koje treba preduzeti da se ovakvi incidenti na vrijeme sprije\u010de. \u0160uplja Stijena, smatra na\u0161 sagovornik, mora po\u0161tovati standarde. Po tim propisima bi postoje\u0107u deponiju rudnika trebalo izmjestiti.<\/p>\n\n\n\n<p>\u201cDa se ova zatvori da se pravi nova deponija. To je jedino trenutno rje\u0161enje da se ne bi nastavilo zaga\u0111enje. Me\u0111utim, ovaj izvor, ovaj Badanj i ovi izvori, to je trajno uni\u0161teno. Vjerovatno, najmanje deset godina niko ne\u0107e smijeti piti vodu odatle jer to je izuzetno otrovna supstanca\u201d, dodaje Selmanovi\u0107.<\/p>\n\n\n\n<p>Na hitnu reakciju pozvali su pljevaljski ribolovci i ekolo\u0161ki aktivisti. Po nalogu Agencije za za\u0161titu \u017eivotne sredine, teren je obi\u0161la ekolo\u0161ka inspekcija.<\/p>\n\n\n\n<p>\u201cNakon \u0161to nam ekolo\u0161ka inspekcija bude dostavila zapisnik, Agencija za za\u0161titu \u017eivotne sredine \u0107e, shodno svojim nadle\u017enostima i zakonu o \u0161teti u \u017eivotnoj sredini i potencijalnoj \u0161teti u \u017eivotnoj sredini, pokrenuti postupak za utvr\u0111ivanje \u0161tete. Ve\u0107 su izvr\u0161ena mjerenja prethodnog dana i danas ponovo radi mjerenja, te analize \u0107e nam svakako biti neophodne. Shodno zakonu o \u0161teti u \u017eivotnoj sredini bi\u0107e pokrenut postupak za utvr\u0111ivanje \u0161tete\u201d, ka\u017ee Milan Vlahovi\u0107 iz Agencije za za\u0161titu \u017eivotne sredine.<\/p>\n\n\n\n<p>Puteve podzemnih voda te\u0161ko je doku\u010diti. Pitanje je da li su toksi\u010dne materije ve\u0107 na\u0161le svoju rutu do izvori\u0161ta sa kojih se snabdijevaju stanovnici nekoliko sela koja su u podru\u010dju \u0160uplje Stijene.<\/p>\n\n\n\n<p>To \u0107e svakako utvrditi istraga koju, pored ekolo\u0161ke, sprovodi Rudarska i Inspekcija za vode i od koje Pljevljaci o\u010dekuju da insistira na odgovornosti aktera ekolo\u0161kog incidenta.<\/p>","protected":false},"excerpt":{"rendered":"<p>Agencija za za\u0161titu \u017eivotne sredine istra\u017euje kako su otpadne vode iz Pljevaljskog rudnika cinka i olova \u201c\u0160uplja stijena\u201d zavr\u0161ile u \u0106ehotini. Ekolo\u0161ki incident prijavili su \u010dlanovi sportsko ribolovnog kluba \u201cLipljen\u201d. Dok nadle\u017eni ispituju kako su toksi\u010dne materije iz jalovi\u0161ta rudnika zavr\u0161ile u vodoizvori\u0161tima, iz menad\u017emena \u0160uplje stijene jo\u0161 se ne ogla\u0161avaju.<\/p>","protected":false},"author":16,"featured_media":927545,"comment_status":"open","ping_status":"open","sticky":false,"template":"","format":"standard","meta":{"_acf_changed":false,"footnotes":"","jetpack_publicize_message":"","jetpack_publicize_feature_enabled":true,"jetpack_social_post_already_shared":false,"jetpack_social_options":{"image_generator_settings":{"template":"highway","default_image_id":0,"font":"","enabled":false},"version":2}},"categories":[9],"tags":[1974,2346,8291],"naslovna":[],"class_list":["post-927544","post","type-post","status-publish","format-standard","has-post-thumbnail","hentry","category-drustvo","tag-cehotina","tag-pljevlja","tag-rudnik"],"acf":[],"jetpack_publicize_connections":[],"_links":{"self":[{"href":"https:\/\/gradski.me\/en\/wp-json\/wp\/v2\/posts\/927544","targetHints":{"allow":["GET"]}}],"collection":[{"href":"https:\/\/gradski.me\/en\/wp-json\/wp\/v2\/posts"}],"about":[{"href":"https:\/\/gradski.me\/en\/wp-json\/wp\/v2\/types\/post"}],"author":[{"embeddable":true,"href":"https:\/\/gradski.me\/en\/wp-json\/wp\/v2\/users\/16"}],"replies":[{"embeddable":true,"href":"https:\/\/gradski.me\/en\/wp-json\/wp\/v2\/comments?post=927544"}],"version-history":[{"count":0,"href":"https:\/\/gradski.me\/en\/wp-json\/wp\/v2\/posts\/927544\/revisions"}],"wp:featuredmedia":[{"embeddable":true,"href":"https:\/\/gradski.me\/en\/wp-json\/wp\/v2\/media\/927545"}],"wp:attachment":[{"href":"https:\/\/gradski.me\/en\/wp-json\/wp\/v2\/media?parent=927544"}],"wp:term":[{"taxonomy":"category","embeddable":true,"href":"https:\/\/gradski.me\/en\/wp-json\/wp\/v2\/categories?post=927544"},{"taxonomy":"post_tag","embeddable":true,"href":"https:\/\/gradski.me\/en\/wp-json\/wp\/v2\/tags?post=927544"},{"taxonomy":"naslovna","embeddable":true,"href":"https:\/\/gradski.me\/en\/wp-json\/wp\/v2\/naslovna?post=927544"}],"curies":[{"name":"wp","href":"https:\/\/api.w.org\/{rel}","templated":true}]}}