{"id":927407,"date":"2025-06-26T12:23:00","date_gmt":"2025-06-26T10:23:00","guid":{"rendered":"https:\/\/gradski.me\/uncategorized\/nisic-slovenija-je-nas-snazan-saveznik-i-pouzdan-partner-na-evropskom-putu\/"},"modified":"2025-06-26T12:23:00","modified_gmt":"2025-06-26T10:23:00","slug":"nisic-slovenija-je-nas-snazan-saveznik-i-pouzdan-partner-na-evropskom-putu","status":"publish","type":"post","link":"https:\/\/gradski.me\/en\/drustvo\/nisic-slovenija-je-nas-snazan-saveznik-i-pouzdan-partner-na-evropskom-putu\/","title":{"rendered":"Ni\u0161i\u0107: Slovenija je na\u0161 sna\u017ean saveznik i pouzdan partner na evropskom putu"},"content":{"rendered":"<p><\/p>\n\n\n\n<p><\/p>\n\n\n\n<p>Sastanku je prisustvovala delegacija Republike Slovenije, predvo\u0111ena potpredsjednikom Vlade i ministrom rada, porodice, socijalnih pitanja i jednakih mogu\u0107nosti Lukom Mesecom, navode iz Ministarstva.<\/p>\n\n\n\n<p>Ministarka rada, zapo\u0161ljavanja i socijalnog dijaloga Naida Ni\u0161i\u0107 izrazila je zadovoljstvo zbog sna\u017ene i dugogodi\u0161nje saradnje sa Republikom Slovenijom, koja se, kako je istakla, ogleda ne samo u institucionalnim partnerstvima, ve\u0107 i u konkretnim rezultatima koje Crna Gora ve\u0107 godinama koristi za razvoj i ja\u010danje tr\u017ei\u0161ta rada.<\/p>\n\n\n\n<p>\u201eSlovenija je za nas sna\u017ean saveznik i pouzdan partner na evropskom putu. Saradnja koja se gradi izme\u0111u na\u0161ih institucija, posebno kroz razmjenu iskustava i ekspertsku podr\u0161ku koju pru\u017eaju slovena\u010dke kolege, predstavlja va\u017ean stub u modernizaciji na\u0161ih politika zapo\u0161ljavanja i uskla\u0111ivanju sa evropskim standardima\u201c, poru\u010dila je ministarka Ni\u0161i\u0107.<\/p>\n\n\n\n<p>Ona je dodala da su obuke, zajedni\u010dki projekti i ekspertski dokumenti koji su razvijani uz podr\u0161ku Slovenije, posebno kroz rad zavoda za zapo\u0161ljavanje dviju zemalja, zna\u010dajno doprinijeli razvoju metodologija rada sa nezaposlenima i profesionalne rehabilitacije u Crnoj Gori.<\/p>\n\n\n\n<p>U delegaciji Ministarstva rada, zapo\u0161ljavanja i socijalnog dijaloga, pored ministarke Ni\u0161i\u0107, bili su: An\u0111ela Ba\u0161ovi\u0107, dr\u017eavna sekretarka, Ivana \u0160u\u0107ur, v.d. direktorice Direktorata za EU fondove, evropske integracije i me\u0111unarodnu saradnju, Andjela Ivanovi\u0107, \u0161efica Kabineta i Sne\u017eana Ivanovi\u0107, savjetnica za odnose sa javno\u0161\u0107u u Kabinetu.<\/p>\n\n\n\n<p>Slovena\u010dku delegaciju pored ministra Meseca \u010dinili su: Bernada Gradi\u0161nik, ambasadorka Slovenije u Crnoj Gori, Mojca Pr\u0161ina, direktorica Direktorata za tr\u017ei\u0161te rada i zapo\u0161ljavanje, Ur\u0161ka Lipov\u017e, \u0161efica Kabineta i \u0160pela \u0160tern Jelenc, \u0161efica slu\u017ebe za evropske poslove.<\/p>\n\n\n\n<p>Ministar Mesec istakao je da Slovenija vidi Crnu Goru kao pouzdanog partnera, te istakao sna\u017enu podr\u0161ku Crnoj Gori na njenom evropskom putu. Naglasio je raspolo\u017eivost slovenskih eksperata da pru\u017ee svoju stru\u010dnu podr\u0161ku u ispunjavanju zavr\u0161nih mjera iz pregovara\u010dkog procesa, crnogorskim kolegama.<\/p>\n\n\n\n<p>Na sastanku je potvr\u0111ena opredijeljenost obje strane da se kroz predstoje\u0107u bilateralnu saradnju dodatno u\u010dvrsti institucionalna saradnja i uspostavi jo\u0161 sna\u017eniji okvir za mobilnost i za\u0161titu radne snage, u interesu obje dr\u017eave.<\/p>","protected":false},"excerpt":{"rendered":"<p>U Ministarstvu rada, zapo\u0161ljavanja i socijalnog dijaloga Crne Gore odr\u017ean je bilateralni sastanak u vezi sa unapre\u0111enjem odnosa izme\u0111u Crne Gore i Republike Slovenije u oblasti zapo\u0161ljavanja, saop\u0161teno je iz tog resora.<\/p>","protected":false},"author":8,"featured_media":927408,"comment_status":"open","ping_status":"open","sticky":false,"template":"","format":"standard","meta":{"_acf_changed":false,"footnotes":"","jetpack_publicize_message":"","jetpack_publicize_feature_enabled":true,"jetpack_social_post_already_shared":false,"jetpack_social_options":{"image_generator_settings":{"template":"highway","default_image_id":0,"font":"","enabled":false},"version":2}},"categories":[9],"tags":[24723,10940,43],"naslovna":[],"class_list":["post-927407","post","type-post","status-publish","format-standard","has-post-thumbnail","hentry","category-drustvo","tag-mesec","tag-nisic","tag-slovenija"],"acf":[],"jetpack_publicize_connections":[],"_links":{"self":[{"href":"https:\/\/gradski.me\/en\/wp-json\/wp\/v2\/posts\/927407","targetHints":{"allow":["GET"]}}],"collection":[{"href":"https:\/\/gradski.me\/en\/wp-json\/wp\/v2\/posts"}],"about":[{"href":"https:\/\/gradski.me\/en\/wp-json\/wp\/v2\/types\/post"}],"author":[{"embeddable":true,"href":"https:\/\/gradski.me\/en\/wp-json\/wp\/v2\/users\/8"}],"replies":[{"embeddable":true,"href":"https:\/\/gradski.me\/en\/wp-json\/wp\/v2\/comments?post=927407"}],"version-history":[{"count":0,"href":"https:\/\/gradski.me\/en\/wp-json\/wp\/v2\/posts\/927407\/revisions"}],"wp:featuredmedia":[{"embeddable":true,"href":"https:\/\/gradski.me\/en\/wp-json\/wp\/v2\/media\/927408"}],"wp:attachment":[{"href":"https:\/\/gradski.me\/en\/wp-json\/wp\/v2\/media?parent=927407"}],"wp:term":[{"taxonomy":"category","embeddable":true,"href":"https:\/\/gradski.me\/en\/wp-json\/wp\/v2\/categories?post=927407"},{"taxonomy":"post_tag","embeddable":true,"href":"https:\/\/gradski.me\/en\/wp-json\/wp\/v2\/tags?post=927407"},{"taxonomy":"naslovna","embeddable":true,"href":"https:\/\/gradski.me\/en\/wp-json\/wp\/v2\/naslovna?post=927407"}],"curies":[{"name":"wp","href":"https:\/\/api.w.org\/{rel}","templated":true}]}}