{"id":927389,"date":"2025-06-26T12:00:00","date_gmt":"2025-06-26T10:00:00","guid":{"rendered":"https:\/\/gradski.me\/uncategorized\/erdogan-tramp-ce-doci-na-mirovne-pregovore-o-ukrajini-ako-dodje-i-putin\/"},"modified":"2025-06-26T12:00:00","modified_gmt":"2025-06-26T10:00:00","slug":"erdogan-tramp-ce-doci-na-mirovne-pregovore-o-ukrajini-ako-dodje-i-putin","status":"publish","type":"post","link":"https:\/\/gradski.me\/en\/svijet\/erdogan-tramp-ce-doci-na-mirovne-pregovore-o-ukrajini-ako-dodje-i-putin\/","title":{"rendered":"Erdogan: Tramp \u0107e do\u0107i na mirovne pregovore o Ukrajini ako do\u0111e i Putin"},"content":{"rendered":"<p><\/p>\n\n\n\n<h3 class=\"wp-block-heading\">&#8222;U\u010dini\u0107e se potrebni kontakti&#8220;<\/h3>\n\n\n\n<p>Na povratku s NATO samita gdje se prvi put susreo s Trampom otkad se potonji vratio u Bijelu ku\u0107u, Erdogan je rekao da je ameri\u010dkom predsjedniku kazao da Ankara ima za cilj okupiti ruskog i ukrajinskog \u010delnika u Turskoj na mirovnim pregovorima.<\/p>\n\n\n\n<p>&#8222;On (Tramp) je rekao: &#8216;Ako ruski predsjednik Vladimir Putin do\u0111e u Istanbul ili Ankaru radi rje\u0161enja, onda \u0107u i ja do\u0107i'&#8220;, citirao je Erdoganov kabinet u \u010detvrtak njegove rije\u010di.<\/p>\n\n\n\n<p>Erdogan je kazao da \u0107e se u\u010diniti &#8222;potrebni kontakti&#8220; kako bi se &#8222;sastanak odr\u017eao \u0161to je prije mogu\u0107e.&#8220;<\/p>","protected":false},"excerpt":{"rendered":"<p>Turski predsjednik Red\u017eep Tajip Erdogan rekao je da mu je ameri\u010dki kolega Donald Tramp potvrdio da \u0107e u\u010destvovati na potencijalnim mirovnim pregovorima izme\u0111u \u010delnika Ukrajine i Rusije u Turskoj, ako i ruski \u0161ef dr\u017eave Vladimir Putin pristane u\u010destvovati.<\/p>","protected":false},"author":1,"featured_media":922404,"comment_status":"open","ping_status":"open","sticky":false,"template":"","format":"standard","meta":{"_acf_changed":false,"footnotes":"","jetpack_publicize_message":"","jetpack_publicize_feature_enabled":true,"jetpack_social_post_already_shared":false,"jetpack_social_options":{"image_generator_settings":{"template":"highway","default_image_id":0,"font":"","enabled":false},"version":2}},"categories":[14],"tags":[230,4311,9981,300,214],"naslovna":[],"class_list":["post-927389","post","type-post","status-publish","format-standard","has-post-thumbnail","hentry","category-svijet","tag-donald-tramp","tag-erdogan","tag-mirovni-pregovori","tag-ukrajina","tag-vladimir-putin"],"acf":[],"jetpack_publicize_connections":[],"_links":{"self":[{"href":"https:\/\/gradski.me\/en\/wp-json\/wp\/v2\/posts\/927389","targetHints":{"allow":["GET"]}}],"collection":[{"href":"https:\/\/gradski.me\/en\/wp-json\/wp\/v2\/posts"}],"about":[{"href":"https:\/\/gradski.me\/en\/wp-json\/wp\/v2\/types\/post"}],"author":[{"embeddable":true,"href":"https:\/\/gradski.me\/en\/wp-json\/wp\/v2\/users\/1"}],"replies":[{"embeddable":true,"href":"https:\/\/gradski.me\/en\/wp-json\/wp\/v2\/comments?post=927389"}],"version-history":[{"count":0,"href":"https:\/\/gradski.me\/en\/wp-json\/wp\/v2\/posts\/927389\/revisions"}],"wp:featuredmedia":[{"embeddable":true,"href":"https:\/\/gradski.me\/en\/wp-json\/wp\/v2\/media\/922404"}],"wp:attachment":[{"href":"https:\/\/gradski.me\/en\/wp-json\/wp\/v2\/media?parent=927389"}],"wp:term":[{"taxonomy":"category","embeddable":true,"href":"https:\/\/gradski.me\/en\/wp-json\/wp\/v2\/categories?post=927389"},{"taxonomy":"post_tag","embeddable":true,"href":"https:\/\/gradski.me\/en\/wp-json\/wp\/v2\/tags?post=927389"},{"taxonomy":"naslovna","embeddable":true,"href":"https:\/\/gradski.me\/en\/wp-json\/wp\/v2\/naslovna?post=927389"}],"curies":[{"name":"wp","href":"https:\/\/api.w.org\/{rel}","templated":true}]}}