{"id":927375,"date":"2025-06-26T10:08:10","date_gmt":"2025-06-26T08:08:10","guid":{"rendered":"https:\/\/gradski.me\/uncategorized\/kit-u-hercegnovskom-zalivu\/"},"modified":"2025-06-26T10:08:10","modified_gmt":"2025-06-26T08:08:10","slug":"kit-u-hercegnovskom-zalivu","status":"publish","type":"post","link":"https:\/\/gradski.me\/en\/drustvo\/kit-u-hercegnovskom-zalivu\/","title":{"rendered":"Kit u hercegnovskom zalivu"},"content":{"rendered":"<p><\/p>\n\n\n\n<p>Iz Instituta napominju da je kit izuzetno rijetka pojava u na\u0161im vodama.<\/p>\n\n\n\n<p>&#8222;Molimo sve vlasnike sportskih i rekreativnih \u010damaca da budu maksimalno oprezni, smanje brzinu i izbjegavaju pribli\u017eavanje \u017eivotinji. Po\u0161tujmo prirodu i ne uznemiravajmo ovog morskog diva&#8220;, kazali su iz Instituta.<\/p>\n\n\n\n<p>Podsje\u0107amo, prije nekoliko dana u crnogorskim vodama je vi\u0111ena velika bijela ajkula.<\/p>\n\n\n\n<figure class=\"wp-block-embed is-type-wp-embed is-provider-gradski-portal wp-block-embed-gradski-portal\"><div class=\"wp-block-embed__wrapper\">\n<blockquote class=\"wp-embedded-content\" data-secret=\"FihfqcPUEo\"><a href=\"https:\/\/rtvpg.me\/velika-bijela-ajkula-vidjena-u-crnogorskim-vodama\/\" target=\"_blank\" rel=\"noopener\">Velika bijela ajkula vi\u0111ena u crnogorskim vodama<\/a><\/blockquote><iframe class=\"wp-embedded-content\" sandbox=\"allow-scripts\" security=\"restricted\" style=\"position: absolute; visibility: hidden;\" title=\"&#132;Velika bijela ajkula vi\u0111ena u crnogorskim vodama&#147; &#8212; Gradski portal\" src=\"https:\/\/rtvpg.me\/velika-bijela-ajkula-vidjena-u-crnogorskim-vodama\/embed\/#?secret=xVYu1yvnm2#?secret=FihfqcPUEo\" data-secret=\"FihfqcPUEo\" width=\"600\" height=\"338\" frameborder=\"0\" marginwidth=\"0\" marginheight=\"0\" scrolling=\"no\"><\/iframe>\n<\/div><\/figure>","protected":false},"excerpt":{"rendered":"<p>U hercegnovskom zalivu uo\u010den je kit, saop\u0161teno je iz Instituta za biologiju mora.<\/p>","protected":false},"author":1,"featured_media":927376,"comment_status":"open","ping_status":"open","sticky":false,"template":"","format":"standard","meta":{"_acf_changed":false,"footnotes":"","jetpack_publicize_message":"","jetpack_publicize_feature_enabled":true,"jetpack_social_post_already_shared":false,"jetpack_social_options":{"image_generator_settings":{"template":"highway","default_image_id":0,"font":"","enabled":false},"version":2}},"categories":[9],"tags":[24706,4816,24707],"naslovna":[],"class_list":["post-927375","post","type-post","status-publish","format-standard","has-post-thumbnail","hentry","category-drustvo","tag-hercegnovski-zaliv","tag-institut-za-biologiju-mora","tag-kit"],"acf":[],"jetpack_publicize_connections":[],"_links":{"self":[{"href":"https:\/\/gradski.me\/en\/wp-json\/wp\/v2\/posts\/927375","targetHints":{"allow":["GET"]}}],"collection":[{"href":"https:\/\/gradski.me\/en\/wp-json\/wp\/v2\/posts"}],"about":[{"href":"https:\/\/gradski.me\/en\/wp-json\/wp\/v2\/types\/post"}],"author":[{"embeddable":true,"href":"https:\/\/gradski.me\/en\/wp-json\/wp\/v2\/users\/1"}],"replies":[{"embeddable":true,"href":"https:\/\/gradski.me\/en\/wp-json\/wp\/v2\/comments?post=927375"}],"version-history":[{"count":0,"href":"https:\/\/gradski.me\/en\/wp-json\/wp\/v2\/posts\/927375\/revisions"}],"wp:featuredmedia":[{"embeddable":true,"href":"https:\/\/gradski.me\/en\/wp-json\/wp\/v2\/media\/927376"}],"wp:attachment":[{"href":"https:\/\/gradski.me\/en\/wp-json\/wp\/v2\/media?parent=927375"}],"wp:term":[{"taxonomy":"category","embeddable":true,"href":"https:\/\/gradski.me\/en\/wp-json\/wp\/v2\/categories?post=927375"},{"taxonomy":"post_tag","embeddable":true,"href":"https:\/\/gradski.me\/en\/wp-json\/wp\/v2\/tags?post=927375"},{"taxonomy":"naslovna","embeddable":true,"href":"https:\/\/gradski.me\/en\/wp-json\/wp\/v2\/naslovna?post=927375"}],"curies":[{"name":"wp","href":"https:\/\/api.w.org\/{rel}","templated":true}]}}