{"id":927366,"date":"2025-06-26T11:00:00","date_gmt":"2025-06-26T09:00:00","guid":{"rendered":"https:\/\/gradski.me\/uncategorized\/radionica-o-inoviranju-zakona-o-kulturi-odrzana-u-saradnji-ministarstva-kulture-i-medija-i-kancelarije-niksic-2030-evropska-prestonica-kulture\/"},"modified":"2025-06-26T11:00:00","modified_gmt":"2025-06-26T09:00:00","slug":"radionica-o-inoviranju-zakona-o-kulturi-odrzana-u-saradnji-ministarstva-kulture-i-medija-i-kancelarije-niksic-2030-evropska-prestonica-kulture","status":"publish","type":"post","link":"https:\/\/gradski.me\/en\/kultura\/radionica-o-inoviranju-zakona-o-kulturi-odrzana-u-saradnji-ministarstva-kulture-i-medija-i-kancelarije-niksic-2030-evropska-prestonica-kulture\/","title":{"rendered":"Radionica o inoviranju zakona o kulturi odr\u017eana u saradnji Ministarstva kulture i medija i kancelarije Nik\u0161i\u0107 2030 &#8211; Evropska prestonica kulture"},"content":{"rendered":"<p><\/p>\n\n\n\n<p>Ova radionica predstavlja dio \u0161ireg procesa usmjerenog ka ja\u010danju participacije stru\u010dne javnosti u oblikovanju savremenog zakonodavnog okvira u oblasti kulture.<\/p>\n\n\n\n<p>Radionica je imala za cilj prikupljanje mi\u0161ljenja, sugestija i iskustava relevantnih predstavnika kulturnog sektora, kako bi se identifikovale potrebe i predlo\u017eile konkretne mjere za unapre\u0111enje va\u017ee\u0107eg zakonodavstva. Diskusija je vo\u0111ena u strukturisanom formatu, a posebna pa\u017enja posve\u0107ena je izazovima u prakti\u010dnoj primjeni postoje\u0107eg zakona, te mogu\u0107nostima za njegovo uskla\u0111ivanje sa savremenim evropskim standardima.<\/p>\n\n\n\n<p>Rad fokus grupe vodile su renomirane ekspertkinje iz oblasti kulturne politike: dr Ana \u017duvela i dr Dea Vidovi\u0107 iz Instituta za razvoj i me\u0111unarodne odnose (IRMO) iz Hrvatske, kao i mr Nata\u0161a Kraljevi\u0107, profesorka na Fakultetu vizuelnih umjetnosti Univerziteta Mediteran.<\/p>\n\n\n\n<p>U\u010desnici su kroz otvoreni dijalog iznijeli niz korisnih zapa\u017eanja i konkretnih prijedloga, koji \u0107e poslu\u017eiti kao vrijedna osnova za dalju izradu Analize i predstoje\u0107e izmjene Zakona o kulturi.<\/p>\n\n\n\n<p>U\u010de\u0161\u0107e Kancelarije Nik\u0161i\u0107 2030 \u2013 Evropska prestonica kulture u ovom procesu potvr\u0111uje njenu ulogu kao aktivnog aktera u oblikovanju kulturnih politika koje odgovaraju savremenim potrebama zajednice i ambicijama evropske kulturne scene.<\/p>\n\n\n\n<p>Ova radionica predstavlja jo\u0161 jedan korak ka strate\u0161kom i inkluzivnom pristupu razvoju kulturnog sistema Crne Gore, u kojem je Nik\u0161i\u0107 pozicioniran kao zna\u010dajan partner i nosilac budu\u0107ih promjena. Time se dodatno potvr\u0111uje posve\u0107enost razvoju odr\u017eivih kulturnih politika i ja\u010danju kulturne infrastrukture kao temelja evropske prestonice kulture.<\/p>","protected":false},"excerpt":{"rendered":"<p>U cilju izrade &#8222;Analize primjene i potrebe inoviranja Zakona o kulturi&#8220;, u Gradskoj ku\u0107i u Nik\u0161i\u0107u ju\u010de je odr\u017eana radionica, organizovana u saradnji Ministarstva kulture i medija i Kancelarije Nik\u0161i\u0107 2030 \u2013 Evropska prestonica kulture.<\/p>","protected":false},"author":8,"featured_media":927367,"comment_status":"open","ping_status":"open","sticky":false,"template":"","format":"standard","meta":{"_acf_changed":false,"footnotes":"","jetpack_publicize_message":"","jetpack_publicize_feature_enabled":true,"jetpack_social_post_already_shared":false,"jetpack_social_options":{"image_generator_settings":{"template":"highway","default_image_id":0,"font":"","enabled":false},"version":2}},"categories":[11],"tags":[24701,24702,1793,1427],"naslovna":[],"class_list":["post-927366","post","type-post","status-publish","format-standard","has-post-thumbnail","hentry","category-kultura","tag-inoviranje-zakona-o-kulturi","tag-kancelarija-2030","tag-ministarstvo-kulture-i-medija","tag-radionica"],"acf":[],"jetpack_publicize_connections":[],"_links":{"self":[{"href":"https:\/\/gradski.me\/en\/wp-json\/wp\/v2\/posts\/927366","targetHints":{"allow":["GET"]}}],"collection":[{"href":"https:\/\/gradski.me\/en\/wp-json\/wp\/v2\/posts"}],"about":[{"href":"https:\/\/gradski.me\/en\/wp-json\/wp\/v2\/types\/post"}],"author":[{"embeddable":true,"href":"https:\/\/gradski.me\/en\/wp-json\/wp\/v2\/users\/8"}],"replies":[{"embeddable":true,"href":"https:\/\/gradski.me\/en\/wp-json\/wp\/v2\/comments?post=927366"}],"version-history":[{"count":0,"href":"https:\/\/gradski.me\/en\/wp-json\/wp\/v2\/posts\/927366\/revisions"}],"wp:featuredmedia":[{"embeddable":true,"href":"https:\/\/gradski.me\/en\/wp-json\/wp\/v2\/media\/927367"}],"wp:attachment":[{"href":"https:\/\/gradski.me\/en\/wp-json\/wp\/v2\/media?parent=927366"}],"wp:term":[{"taxonomy":"category","embeddable":true,"href":"https:\/\/gradski.me\/en\/wp-json\/wp\/v2\/categories?post=927366"},{"taxonomy":"post_tag","embeddable":true,"href":"https:\/\/gradski.me\/en\/wp-json\/wp\/v2\/tags?post=927366"},{"taxonomy":"naslovna","embeddable":true,"href":"https:\/\/gradski.me\/en\/wp-json\/wp\/v2\/naslovna?post=927366"}],"curies":[{"name":"wp","href":"https:\/\/api.w.org\/{rel}","templated":true}]}}