{"id":927334,"date":"2025-06-26T07:19:48","date_gmt":"2025-06-26T05:19:48","guid":{"rendered":"https:\/\/gradski.me\/uncategorized\/uhapsen-osumnjiceni-za-razbojnistvo-u-podgorici\/"},"modified":"2025-06-26T07:19:48","modified_gmt":"2025-06-26T05:19:48","slug":"uhapsen-osumnjiceni-za-razbojnistvo-u-podgorici","status":"publish","type":"post","link":"https:\/\/gradski.me\/en\/hronika\/uhapsen-osumnjiceni-za-razbojnistvo-u-podgorici\/","title":{"rendered":"Uhap\u0161en osumnji\u010deni za razbojni\u0161tvo u Podgorici"},"content":{"rendered":"<p><\/p>\n\n\n\n<p>\u201cOn je, kako se sumnja, krivi\u010dno djelo za koje se tereti izvr\u0161io na na\u010din \u0161to je, dok se nalazio na peronu \u017eeljezni\u010dke stanice u Podgorici, fizi\u010dki napao o\u0161te\u0107eno lice zadaju\u0107i mu udarce u predjelu glave i tijela. Ovom prilikom o\u0161te\u0107eni je zadobio te\u0161ke tjelesne povrede, a od njega je otu\u0111ena torbica sa li\u010dnim dokumentima i mobilnim telefonom\u201d, navodi policija.<\/p>\n\n\n\n<p>Policijski slu\u017ebenici su uhapsili V.M. i on \u0107e uz krivi\u010dnu prijavu biti priveden postupaju\u0107em tu\u017eiocu u Vi\u0161em dr\u017eavnom tu\u017eila\u0161tvu u Podgorici na dalju nadle\u017enost.<\/p>","protected":false},"excerpt":{"rendered":"<p>Policija je saop\u0161tila da je uhapsila V.M. (26) zbog sumnje da je izvr\u0161io krivi\u010dno djelo razbojni\u0161tvo.<\/p>","protected":false},"author":8,"featured_media":915010,"comment_status":"open","ping_status":"open","sticky":false,"template":"","format":"standard","meta":{"_acf_changed":false,"footnotes":"","jetpack_publicize_message":"","jetpack_publicize_feature_enabled":true,"jetpack_social_post_already_shared":false,"jetpack_social_options":{"image_generator_settings":{"template":"highway","default_image_id":0,"font":"","enabled":false},"version":2}},"categories":[10],"tags":[2969,12565],"naslovna":[],"class_list":["post-927334","post","type-post","status-publish","format-standard","has-post-thumbnail","hentry","category-hronika","tag-hronika","tag-razbojnistvo"],"acf":[],"jetpack_publicize_connections":[],"_links":{"self":[{"href":"https:\/\/gradski.me\/en\/wp-json\/wp\/v2\/posts\/927334","targetHints":{"allow":["GET"]}}],"collection":[{"href":"https:\/\/gradski.me\/en\/wp-json\/wp\/v2\/posts"}],"about":[{"href":"https:\/\/gradski.me\/en\/wp-json\/wp\/v2\/types\/post"}],"author":[{"embeddable":true,"href":"https:\/\/gradski.me\/en\/wp-json\/wp\/v2\/users\/8"}],"replies":[{"embeddable":true,"href":"https:\/\/gradski.me\/en\/wp-json\/wp\/v2\/comments?post=927334"}],"version-history":[{"count":0,"href":"https:\/\/gradski.me\/en\/wp-json\/wp\/v2\/posts\/927334\/revisions"}],"wp:featuredmedia":[{"embeddable":true,"href":"https:\/\/gradski.me\/en\/wp-json\/wp\/v2\/media\/915010"}],"wp:attachment":[{"href":"https:\/\/gradski.me\/en\/wp-json\/wp\/v2\/media?parent=927334"}],"wp:term":[{"taxonomy":"category","embeddable":true,"href":"https:\/\/gradski.me\/en\/wp-json\/wp\/v2\/categories?post=927334"},{"taxonomy":"post_tag","embeddable":true,"href":"https:\/\/gradski.me\/en\/wp-json\/wp\/v2\/tags?post=927334"},{"taxonomy":"naslovna","embeddable":true,"href":"https:\/\/gradski.me\/en\/wp-json\/wp\/v2\/naslovna?post=927334"}],"curies":[{"name":"wp","href":"https:\/\/api.w.org\/{rel}","templated":true}]}}