{"id":927303,"date":"2025-06-25T20:52:03","date_gmt":"2025-06-25T18:52:03","guid":{"rendered":"https:\/\/gradski.me\/uncategorized\/na-adi-bojani-otkriveno-prvo-gnijezdo-glavate-morske-kornjace\/"},"modified":"2025-06-25T20:52:03","modified_gmt":"2025-06-25T18:52:03","slug":"na-adi-bojani-otkriveno-prvo-gnijezdo-glavate-morske-kornjace","status":"publish","type":"post","link":"https:\/\/gradski.me\/en\/drustvo\/na-adi-bojani-otkriveno-prvo-gnijezdo-glavate-morske-kornjace\/","title":{"rendered":"Na Adi Bojani otkriveno prvo gnijezdo glavate morske kornja\u010de"},"content":{"rendered":"<p>Tragovi izlaska kornja\u010de na pla\u017eu i samo gnijezdo zabilje\u017eeni su rano jutros. Lokacija je potvr\u0111ena i jasno obilje\u017eena vidljivom oznakom. Vrijeme inkubacije jaja je u prosjeku oko 60 dana i zavisi od temperature pijeska i drugih uslova sredine, te se izvaljivanje prvih jedinki o\u010dekuje oko 20. avgusta.<\/p>\n\n\n\n<p>Iz Instituta za biologiju mora apeluju na sve posjetioce Ade Bojane i Velike pla\u017ee da ne prilaze, ne gaze i ne uznemiravaju podru\u010dje gnijezda! Posebno je va\u017eno ne iskopavati pijesak i ne remetiti prirodni ambijent.<\/p>\n\n\n\n<p>Nagla\u0161avaju da su kornja\u010de i njihova gnijezda strogo za\u0161ti\u0107eni prema nacionalnim propisima i me\u0111unarodnim konvencijama.<\/p>\n\n\n\n<p>Podsje\u0107aju, pro\u0161le godine, 23. avgusta, na Velikoj pla\u017ei zabilje\u017eeno je prvo izvaljivanje mladih morskih kornja\u010da u Crnoj Gori, ali tada nije bilo sistematskog pra\u0107enja lokacija a time ni prethodno evidentiranih tragova polaganja jaja.<\/p>\n\n\n\n<p>Ove godine, zahvaljuju\u0107i uspostavljenom svakodnevnom monitoringu u okviru projekta \u201eIstra\u017eivanje i mapiranje lokacija za gnije\u017e\u0111enje i gnijezda morskih kornja\u010da na crnogorskoj obali\u201c, omogu\u0107eno je da se gnijezdo pravovremeno identifikuje i obilje\u017ei \u2013 naveli su iz Instituta.<\/p>","protected":false},"excerpt":{"rendered":"<p>Gnijezdo je otkrio direktor Instituta za biologiju mora Mirko \u0110urovi\u0107,isti\u010du\u0107i da je istinsko zadovoljstvo na\u0107i se na pravom mjestu pogotovo kada se radi o ovako rijetkim i zna\u010dajnim nalazima.<\/p>","protected":false},"author":4,"featured_media":927304,"comment_status":"open","ping_status":"open","sticky":false,"template":"","format":"standard","meta":{"_acf_changed":false,"footnotes":"","jetpack_publicize_message":"","jetpack_publicize_feature_enabled":true,"jetpack_social_post_already_shared":false,"jetpack_social_options":{"image_generator_settings":{"template":"highway","default_image_id":0,"font":"","enabled":false},"version":2}},"categories":[9],"tags":[2066,4816,24663],"naslovna":[],"class_list":["post-927303","post","type-post","status-publish","format-standard","has-post-thumbnail","hentry","category-drustvo","tag-ada-bojana","tag-institut-za-biologiju-mora","tag-morske-kornjace"],"acf":[],"jetpack_publicize_connections":[],"_links":{"self":[{"href":"https:\/\/gradski.me\/en\/wp-json\/wp\/v2\/posts\/927303","targetHints":{"allow":["GET"]}}],"collection":[{"href":"https:\/\/gradski.me\/en\/wp-json\/wp\/v2\/posts"}],"about":[{"href":"https:\/\/gradski.me\/en\/wp-json\/wp\/v2\/types\/post"}],"author":[{"embeddable":true,"href":"https:\/\/gradski.me\/en\/wp-json\/wp\/v2\/users\/4"}],"replies":[{"embeddable":true,"href":"https:\/\/gradski.me\/en\/wp-json\/wp\/v2\/comments?post=927303"}],"version-history":[{"count":0,"href":"https:\/\/gradski.me\/en\/wp-json\/wp\/v2\/posts\/927303\/revisions"}],"wp:featuredmedia":[{"embeddable":true,"href":"https:\/\/gradski.me\/en\/wp-json\/wp\/v2\/media\/927304"}],"wp:attachment":[{"href":"https:\/\/gradski.me\/en\/wp-json\/wp\/v2\/media?parent=927303"}],"wp:term":[{"taxonomy":"category","embeddable":true,"href":"https:\/\/gradski.me\/en\/wp-json\/wp\/v2\/categories?post=927303"},{"taxonomy":"post_tag","embeddable":true,"href":"https:\/\/gradski.me\/en\/wp-json\/wp\/v2\/tags?post=927303"},{"taxonomy":"naslovna","embeddable":true,"href":"https:\/\/gradski.me\/en\/wp-json\/wp\/v2\/naslovna?post=927303"}],"curies":[{"name":"wp","href":"https:\/\/api.w.org\/{rel}","templated":true}]}}