{"id":927208,"date":"2025-06-25T15:55:00","date_gmt":"2025-06-25T13:55:00","guid":{"rendered":"https:\/\/gradski.me\/uncategorized\/pican-dps-blokirao-izvjestaje-pripremaju-li-kadrovsko-ciscenje-najblizih-kadrova-nikole-jovanovica\/"},"modified":"2025-06-25T15:55:00","modified_gmt":"2025-06-25T13:55:00","slug":"pican-dps-blokirao-izvjestaje-pripremaju-li-kadrovsko-ciscenje-najblizih-kadrova-nikole-jovanovica","status":"publish","type":"post","link":"https:\/\/gradski.me\/en\/uncategorized\/pican-dps-blokirao-izvjestaje-pripremaju-li-kadrovsko-ciscenje-najblizih-kadrova-nikole-jovanovica\/","title":{"rendered":"Pi\u0107an: DPS blokirao izvje\u0161taje, pripremaju li kadrovsko \u010di\u0161\u0107enje najbli\u017eih kadrova Nikole Jovanovi\u0107a?"},"content":{"rendered":"<p>\u201cPodsje\u0107am Vas da je funkcija predsjednika Skup\u0161tine op\u0161tine Budva najuglednija pozicija u na\u0161em gradu dok je nivo Va\u0161eg obra\u0107anja u rangu neuspje\u0161nih uli\u010dnih uvreda i optu\u017ebi. Apelujem na Vas da po\u0161tujete dom kojim rukovodite ako, na\u017ealost, nemate elementarnu kulturu za pristojnu komunikaciju. Zadr\u017eite dostojanstvo i u komunikaciji sa svojim \u0161efom, Nikolom Jovanovi\u0107em, jer je Va\u0161e podila\u017eenje njemu u rangu samoponi\u017eavanja\u201d, kazala je Pi\u0107an.<\/p>\n\n\n\n<p>Zbog gra\u0111ana, jer je, dodaje, Od\u017ei\u0107 dobro upoznat sa \u010dinjenicama.<\/p>\n\n\n\n<p>\u201cPodsje\u0107am Vas da je svaka neistina kratkog vijeka. Neta\u010dni su podaci koje ste Vi i Va\u0161 koalicioni partner Nikola Jovanovi\u0107 iznijeli. Prvo, predlog Dnevnog reda sadr\u017ei: Odluku o davanju saglasnosti za produ\u017eenje zakupa lokacija za postavljanje privremenih objekata do dono\u0161enja i realizacije novog Programa privremenih objekata na teritoriji Op\u0161tine Budva, i Predlog Odluke o pokretanju postupka davanja u zakup objekata\u201d, istakla je.<\/p>\n\n\n\n<p>Kako je pojasnila, rije\u010di o Programu privremenih lokacija od 2024. godine do 2028. nema.<\/p>\n\n\n\n<p>\u201cNacrt ste poslali nadle\u017enom ministarstvu sa gotovo dvije godine zaka\u0161njenja, nacrt na koji se i ne daje mi\u0161ljenje ministarstva. Zatim ste nakon reakcije nadle\u017enih organa, dostavili Ministarstvu turizma tra\u017eeni Program 19. juna, a Ministarstvo prostornog planiranja, urbanizma i dr\u017eavne imovine zaprimilo je Program ju\u010de \u2013 ba\u0161 ju\u010de kada Vi naprasno otkazujete sjednicu\u201d, poru\u010dila je.<\/p>\n\n\n\n<p>Prema njenim rije\u010dima, Od\u017ei\u0107 sada \u017eeli da neistinama prikrije probleme u funkcionisanju lokalne vlasti i interesne grupe okupljene oko DPS, a kojima je, ka\u017ee, svakodnevno suo\u010den.<\/p>\n\n\n\n<p>\u201cIstina je da ste Vi gospodine Od\u017ei\u0107u, u dogovoru sa Nikolom Jovanovi\u0107em, Op\u0161tinu Budva opet gurnuli u milionske gubitke, ve\u0107 drugu godinu za redom, kako zbog neodr\u017eavanja sjednica Skup\u0161tine op\u0161tine Budva tako i zbog neusvajanja Programa privremenih objekata. Svi znaju koliko vremena treba za usvajanje Programa pa za javne pozive, izbor zakupaca, potpisivanje ugovora. Istina je da sve to ne mo\u017eete realizovati ni za mjesec dana, pa je odlaganje sjednice i isticanje tog razloga gruba neistina\u201d, jasna je ona.<\/p>\n\n\n\n<p>Kako je podsjetila, vlast je formirana u februaru a \u201cBudva, na\u0161 grad\u201d izra\u0111uje Program od 2023. godine.<\/p>\n\n\n\n<p>\u201cGra\u0111ani Budve treba da znaju da ste sjednicu odlo\u017eili nakon \u0161to su odbori ve\u0107 odr\u017eani \u0161to je svojevrsni presedan i dokaz da, na\u017ealost, opet ne govorite istinu. Jer kad se nadle\u017eni odbori odrede prema svim ta\u010dkama dnevnog reda onda nema ni jednog razloga niti potrebe da se sjednica odla\u017ee \u2013 problem je \u0161to su Va\u0161i koalicioni partneri iz DPS-a odbili odluke na odborima i kasno Vam poru\u010dili da nema sjednica dok se ne imenuju njihovi funcioneri. Tek nakon toga posegnuli ste za ru\u017enim uli\u010dnim re\u010dnikom uvreda i podmetanja \u0161to jasno pokazuje nivo nervoze kod Vas i gospodina Nikole Jovanovi\u0107a\u201d, tvrdi Pi\u0107an.<\/p>\n\n\n\n<p>Kako je navela u saop\u0161tenju, gra\u0111ani moraju da znaju da su crveno svjetlo od DPS-a, grupe koja sa njima trenutno vodi grad koji se, isti\u010de, jo\u0161 nije oporavio od njihove zajedni\u010dke pohare, dobili izvje\u0161taj o radu direktorice&nbsp;<strong>Ive Bajkovi\u0107 Pavlovi\u0107<\/strong>&nbsp;iz RTV Budva, ni<strong>&nbsp;Ivane Lije\u0161evi\u0107<\/strong>&nbsp;iz Sportskog rekreativnog centra.<\/p>\n\n\n\n<p>\u201cName\u0107e se pitanje \u2013 priprema li to DPS kadrovsko \u010di\u0161\u0107enje najbli\u017eih kadrova Nikole Jovanovi\u0107a?&nbsp;Poru\u010dili ste nam, u svom stilu, ispod koga se te\u0161ko mo\u017ee i\u0107i, da dolazite, opet, logi\u010dno, sa Va\u0161im partnerima iz OKG DPS i izdajni\u010dkom grupom okupljenom oko Nikole Jovanovi\u0107a, i da \u0107e te zauzeti i vlast na dr\u017eavnom nivou. S obzirom da ni lokalni parlament ne mo\u017eete sazvati skoro tri mjeseca mo\u017eemo mirno \u010dekati da vrlo brzo, samo \u201cotpadnete\u201d zbog nezrelosti i neozbiljnosti, a zbog kojih svi mi u Budvi svakodnevno trpimo posljedice\u201d, zaklju\u010duje Pi\u0107an.<\/p>","protected":false},"excerpt":{"rendered":"<p>Poslanica i odbornica Nove srpske demokratije, Bojana Pi\u0107an reagovala je na navode predsjednika Skup\u0161tine op\u0161tine Budva Petra Od\u017ei\u0107a i upitala priprema li DPS \u010di\u0161\u0107enje najbli\u017eih kadrova Nikole Jovanovi\u0107a.<\/p>","protected":false},"author":16,"featured_media":927209,"comment_status":"open","ping_status":"open","sticky":false,"template":"","format":"standard","meta":{"_acf_changed":false,"footnotes":"","jetpack_publicize_message":"","jetpack_publicize_feature_enabled":true,"jetpack_social_post_already_shared":false,"jetpack_social_options":{"image_generator_settings":{"template":"highway","default_image_id":0,"font":"","enabled":false},"version":2}},"categories":[1],"tags":[5507,925,684,1090],"naslovna":[],"class_list":["post-927208","post","type-post","status-publish","format-standard","has-post-thumbnail","hentry","category-uncategorized","tag-bojana-pican","tag-budva","tag-nikola-jovanovic","tag-petar-odzic"],"acf":[],"jetpack_publicize_connections":[],"_links":{"self":[{"href":"https:\/\/gradski.me\/en\/wp-json\/wp\/v2\/posts\/927208","targetHints":{"allow":["GET"]}}],"collection":[{"href":"https:\/\/gradski.me\/en\/wp-json\/wp\/v2\/posts"}],"about":[{"href":"https:\/\/gradski.me\/en\/wp-json\/wp\/v2\/types\/post"}],"author":[{"embeddable":true,"href":"https:\/\/gradski.me\/en\/wp-json\/wp\/v2\/users\/16"}],"replies":[{"embeddable":true,"href":"https:\/\/gradski.me\/en\/wp-json\/wp\/v2\/comments?post=927208"}],"version-history":[{"count":0,"href":"https:\/\/gradski.me\/en\/wp-json\/wp\/v2\/posts\/927208\/revisions"}],"wp:featuredmedia":[{"embeddable":true,"href":"https:\/\/gradski.me\/en\/wp-json\/wp\/v2\/media\/927209"}],"wp:attachment":[{"href":"https:\/\/gradski.me\/en\/wp-json\/wp\/v2\/media?parent=927208"}],"wp:term":[{"taxonomy":"category","embeddable":true,"href":"https:\/\/gradski.me\/en\/wp-json\/wp\/v2\/categories?post=927208"},{"taxonomy":"post_tag","embeddable":true,"href":"https:\/\/gradski.me\/en\/wp-json\/wp\/v2\/tags?post=927208"},{"taxonomy":"naslovna","embeddable":true,"href":"https:\/\/gradski.me\/en\/wp-json\/wp\/v2\/naslovna?post=927208"}],"curies":[{"name":"wp","href":"https:\/\/api.w.org\/{rel}","templated":true}]}}