{"id":927197,"date":"2025-06-25T13:45:00","date_gmt":"2025-06-25T11:45:00","guid":{"rendered":"https:\/\/gradski.me\/uncategorized\/podignuta-jos-jedna-optuznica-za-stvaranje-kriminalne-organizacije-i-tesko-ubistvo\/"},"modified":"2025-06-25T13:45:00","modified_gmt":"2025-06-25T11:45:00","slug":"podignuta-jos-jedna-optuznica-za-stvaranje-kriminalne-organizacije-i-tesko-ubistvo","status":"publish","type":"post","link":"https:\/\/gradski.me\/en\/hronika\/podignuta-jos-jedna-optuznica-za-stvaranje-kriminalne-organizacije-i-tesko-ubistvo\/","title":{"rendered":"Podignuta jo\u0161 jedna optu\u017enica za stvaranje kriminalne organizacije i te\u0161ko ubistvo"},"content":{"rendered":"<p><\/p>\n\n\n\n<p>Prethodno je, u aprilu ove godine, pred Vi\u0161im sudom u Podgorici, Specijalno dr\u017eavno tu\u017eila\u0161tvo podiglo optu\u017enicu protiv \u0161est okrivljenih: E.T, S.\u0110.M, M.B, G.M, I.\u010c. i M.S, zbog istih krivi\u010dnih djela, a protiv M.B. i za krivi\u010dno djelo nedozvoljeno dr\u017eanje oru\u017eja i eksplozivnih materija.<\/p>\n\n\n\n<p>&#8222;Oba krivi\u010dna postupka se odnose na djelovanje kriminalne organizacije koju su organizovali sada pokojni M.R. i A.K, u drugoj polovini 2019. godine, u Crnoj Gori, \u010diji su pripadnici postali svi okrivljeni, pokojni D.H. i druga nepoznata lica, sa ta\u010dno odre\u0111enim ulogama i zadacima, u cilju vr\u0161enja krivi\u010dnih djela ubistvo i te\u0161ko ubistvo, pa tako i ubistvo o\u0161te\u0107enih F.M. i V.G., dr\u017eavljana Srbije, pripadnika suprostavljene kriminalne organizacije, iz bezobzirne osvete, zbog ubistva Z.N., pripadnika svoje kriminalne organizacije i kuma okrivljenog S.J., i na svirep na\u010din, u selu Jelenak, u Danilovgradu, u ku\u0107i okrivljenog M.B., uz skrivanje njihovih posmrtnih ostataka i uklanjanje tragova krivi\u010dnog djela&#8220;, navode iz SDT-a.<\/p>\n\n\n\n<p>Okrivljeni S.J, protiv kojeg je danas podignuta optu\u017enica, je od ranije u bjekstvu, pa mu je Vi\u0161i sud u Podgorici, po predlogu specijalnog tu\u017eioca, odredio pritvor i naredio raspisivanje potjernice, pa je u optu\u017enici predlo\u017eeno da mu se sudi u odsustvu, a predlo\u017eeno je i da se postupci po obje optu\u017enice spoje, radi vo\u0111enja jedinstvenog postupka i dono\u0161enja jedne presude, jer izme\u0111u krivi\u010dnih djela postoji me\u0111usobna veza i isti dokazi.<\/p>","protected":false},"excerpt":{"rendered":"<p>Specijalno dr\u017eavno tu\u017eila\u0161tvo je danas, Specijalnom odjeljenju Vi\u0161eg suda u Podgorici, nakon zavr\u0161ene istrage, predalo optu\u017enicu protiv okrivljenog S.J. iz B., zbog postojanja osnovane sumnje da je u\u010dinio krivi\u010dna djela stvaranje kriminalne organizacije i te\u0161ko ubistvo, u saizvr\u0161ila\u0161tvu.<\/p>","protected":false},"author":1,"featured_media":923710,"comment_status":"open","ping_status":"open","sticky":false,"template":"","format":"standard","meta":{"_acf_changed":false,"footnotes":"","jetpack_publicize_message":"","jetpack_publicize_feature_enabled":true,"jetpack_social_post_already_shared":false,"jetpack_social_options":{"image_generator_settings":{"template":"highway","default_image_id":0,"font":"","enabled":false},"version":2}},"categories":[10],"tags":[6571,4796,183,24631],"naslovna":[],"class_list":["post-927197","post","type-post","status-publish","format-standard","has-post-thumbnail","hentry","category-hronika","tag-kriminalna-organizacija","tag-optuznica","tag-sdt","tag-tesko-ubistvo"],"acf":[],"jetpack_publicize_connections":[],"_links":{"self":[{"href":"https:\/\/gradski.me\/en\/wp-json\/wp\/v2\/posts\/927197","targetHints":{"allow":["GET"]}}],"collection":[{"href":"https:\/\/gradski.me\/en\/wp-json\/wp\/v2\/posts"}],"about":[{"href":"https:\/\/gradski.me\/en\/wp-json\/wp\/v2\/types\/post"}],"author":[{"embeddable":true,"href":"https:\/\/gradski.me\/en\/wp-json\/wp\/v2\/users\/1"}],"replies":[{"embeddable":true,"href":"https:\/\/gradski.me\/en\/wp-json\/wp\/v2\/comments?post=927197"}],"version-history":[{"count":0,"href":"https:\/\/gradski.me\/en\/wp-json\/wp\/v2\/posts\/927197\/revisions"}],"wp:featuredmedia":[{"embeddable":true,"href":"https:\/\/gradski.me\/en\/wp-json\/wp\/v2\/media\/923710"}],"wp:attachment":[{"href":"https:\/\/gradski.me\/en\/wp-json\/wp\/v2\/media?parent=927197"}],"wp:term":[{"taxonomy":"category","embeddable":true,"href":"https:\/\/gradski.me\/en\/wp-json\/wp\/v2\/categories?post=927197"},{"taxonomy":"post_tag","embeddable":true,"href":"https:\/\/gradski.me\/en\/wp-json\/wp\/v2\/tags?post=927197"},{"taxonomy":"naslovna","embeddable":true,"href":"https:\/\/gradski.me\/en\/wp-json\/wp\/v2\/naslovna?post=927197"}],"curies":[{"name":"wp","href":"https:\/\/api.w.org\/{rel}","templated":true}]}}