{"id":927094,"date":"2025-06-25T08:01:05","date_gmt":"2025-06-25T06:01:05","guid":{"rendered":"https:\/\/gradski.me\/uncategorized\/u-potragu-za-andrijom-sljukicem-ukljucili-se-lovci-vatrogasci-policija-i-dobrovoljci\/"},"modified":"2025-06-25T08:01:05","modified_gmt":"2025-06-25T06:01:05","slug":"u-potragu-za-andrijom-sljukicem-ukljucili-se-lovci-vatrogasci-policija-i-dobrovoljci","status":"publish","type":"post","link":"https:\/\/gradski.me\/en\/hronika\/u-potragu-za-andrijom-sljukicem-ukljucili-se-lovci-vatrogasci-policija-i-dobrovoljci\/","title":{"rendered":"U potragu za Andrijom \u0160ljuki\u0107em uklju\u010dili se lovci, vatrogasci, policija i dobrovoljci"},"content":{"rendered":"<p><\/p>\n\n\n\n<p>Ekipe Vatrogasno-spasila\u010dke jedinice Nik\u0161i\u0107, pripadnika Odjeljenja bezbjednosti Nik\u0161i\u0107 i vi\u0161e volontera za&nbsp;<strong>Andrijom \u0160ljuki\u0107em<\/strong>&nbsp;tragaju ve\u0107 dva dana.<\/p>\n\n\n\n<p>Sve raspolo\u017eive ekipe od ju\u010de su na terenu Zle gore i jo\u0161 na nekoliko lokacija, ka\u017ee<strong>&nbsp;Slavko Tadi\u0107<\/strong>, komandir Slu\u017ebe za za\u0161titu i spa\u0161avanje Nik\u0161i\u0107.<\/p>\n\n\n\n<p>\u2013 Pretra\u017eivani su tereni oko Trebjese, jezera Slano i Krupac i Podostro\u0161kog kraja. U potragu je uklju\u010den potra\u017eni pas, koristimo i dron. Apelujemo na sve one koji se dobrovoljno uklju\u010duju u akciju pretrage da je teren vi\u0161e nego zahtjevan i opasan kao i da obavezno kontaktiraju na\u0161e spasioce \u2013 Rekao je za \u201eDan\u201c Slavko Tadi\u0107.<\/p>","protected":false},"excerpt":{"rendered":"<p>Od jutros, u potrazi za devetnaestogodi\u0161njim Andrijom \u0160ljuki\u0107em, koji je nestao prije dva dana, priklju\u010dili su se i \u010dlanovi Lova\u010dkog dru\u0161tva \u201eDr Zoran Kesler\u201c iz Nik\u0161i\u0107a.<\/p>","protected":false},"author":8,"featured_media":926858,"comment_status":"open","ping_status":"open","sticky":false,"template":"","format":"standard","meta":{"_acf_changed":false,"footnotes":"","jetpack_publicize_message":"","jetpack_publicize_feature_enabled":true,"jetpack_social_post_already_shared":false,"jetpack_social_options":{"image_generator_settings":{"template":"highway","default_image_id":0,"font":"","enabled":false},"version":2}},"categories":[10],"tags":[258,14868],"naslovna":[],"class_list":["post-927094","post","type-post","status-publish","format-standard","has-post-thumbnail","hentry","category-hronika","tag-niksic","tag-potraga"],"acf":[],"jetpack_publicize_connections":[],"_links":{"self":[{"href":"https:\/\/gradski.me\/en\/wp-json\/wp\/v2\/posts\/927094","targetHints":{"allow":["GET"]}}],"collection":[{"href":"https:\/\/gradski.me\/en\/wp-json\/wp\/v2\/posts"}],"about":[{"href":"https:\/\/gradski.me\/en\/wp-json\/wp\/v2\/types\/post"}],"author":[{"embeddable":true,"href":"https:\/\/gradski.me\/en\/wp-json\/wp\/v2\/users\/8"}],"replies":[{"embeddable":true,"href":"https:\/\/gradski.me\/en\/wp-json\/wp\/v2\/comments?post=927094"}],"version-history":[{"count":0,"href":"https:\/\/gradski.me\/en\/wp-json\/wp\/v2\/posts\/927094\/revisions"}],"wp:featuredmedia":[{"embeddable":true,"href":"https:\/\/gradski.me\/en\/wp-json\/wp\/v2\/media\/926858"}],"wp:attachment":[{"href":"https:\/\/gradski.me\/en\/wp-json\/wp\/v2\/media?parent=927094"}],"wp:term":[{"taxonomy":"category","embeddable":true,"href":"https:\/\/gradski.me\/en\/wp-json\/wp\/v2\/categories?post=927094"},{"taxonomy":"post_tag","embeddable":true,"href":"https:\/\/gradski.me\/en\/wp-json\/wp\/v2\/tags?post=927094"},{"taxonomy":"naslovna","embeddable":true,"href":"https:\/\/gradski.me\/en\/wp-json\/wp\/v2\/naslovna?post=927094"}],"curies":[{"name":"wp","href":"https:\/\/api.w.org\/{rel}","templated":true}]}}