{"id":927000,"date":"2025-06-24T15:28:00","date_gmt":"2025-06-24T13:28:00","guid":{"rendered":"https:\/\/gradski.me\/uncategorized\/odzic-i-pored-opstrukcija-sa-drzavnog-nivoa-necete-zaustaviti-razvoj-preporod-pomirenje-budve-i-crne-gore\/"},"modified":"2025-06-24T15:28:00","modified_gmt":"2025-06-24T13:28:00","slug":"odzic-i-pored-opstrukcija-sa-drzavnog-nivoa-necete-zaustaviti-razvoj-preporod-pomirenje-budve-i-crne-gore","status":"publish","type":"post","link":"https:\/\/gradski.me\/en\/politika\/odzic-i-pored-opstrukcija-sa-drzavnog-nivoa-necete-zaustaviti-razvoj-preporod-pomirenje-budve-i-crne-gore\/","title":{"rendered":"Od\u017ei\u0107: I pored opstrukcija sa dr\u017eavnog nivoa, ne\u0107ete zaustaviti razvoj, preporod, pomirenje Budve i Crne Gore"},"content":{"rendered":"<p><\/p>\n\n\n\n<p>\u201cJeste, istina je. Sjednicu SO Budva sam odlo\u017eio zbog sva\u0111e sa Jovanovi\u0107em\u201d, istakao je Od\u017ei\u0107.<\/p>\n\n\n\n<p>Kako je kazao, siguran je da ovako po\u010dinje svaki san vojvode Mandi\u0107a, recitatora iz Mojanovi\u0107a, i svakog negatora pomirene, gra\u0111anske i slobodne Crne Gore.<\/p>\n\n\n\n<p>\u201cKoleginice Pi\u0107an, znam da jedino u slu\u010daju na\u0161e sva\u0111e, va\u0161 politi\u010dki subjekt mo\u017ee uzeti politi\u010dkog vazduha, u pauzi izme\u0111u vo\u017enji dr\u017eavnim \u010damcem, neradnim danom u kupa\u0107im ga\u0107ama\u201d, naveo je Od\u017ei\u0107.<\/p>\n\n\n\n<p>Kako je dodao, mislio je da je na kolegijumu bio dovoljno jasan kada je rekao da vjeruje, da \u0107e \u201cva\u0161 kumara Mandi\u0107 uz pomo\u0107 glavnog crnogorskog projektanta Slavena opstruirati davanje saglasnosti na plan privremenih objekata, i da od toga zavisi ta\u010dan datum odr\u017eavanja sjednice\u201d.<\/p>\n\n\n\n<p>\u201cNijeste valjda i vi bili na \u010damcu sa Mikijeljom pa vam je sun\u010danica pomutila misli.&nbsp; Jo\u0161 da po\u010dnete da pucate iz slu\u017ebenih plovila, kao iz automobila kao \u201cstrikanov mali\u201d onomad.&nbsp;\u0160to se gospodina Franete ti\u010de,&nbsp;&nbsp;\u201cnizbrdo\u201d je sinonim za politi\u010dke rezultate Demokrata-Non grata, u Budvi od 2017. godine do danas. Va\u0161om politikom ste si\u0161li u podno\u017eje, siguran sam da je jo\u0161 malo ostalo do potpunog zaustavljanja.&nbsp;Draga gospodo, i pored opstrukcija sa dr\u017eavnog nivoa,&nbsp;&nbsp;ne\u0107ete zaustaviti razvoj, preporod, pomirenje Budve i Crne Gore. \u010cekajte nas, sti\u017eemo i \u201cgore\u201d\u201d, zaklju\u010dio je.<\/p>","protected":false},"excerpt":{"rendered":"<p>I pored opstrukcija sa dr\u017eavnog nivoa, ne\u0107ete zaustaviti razvoj, preporod, pomirenje Budve i Crne Gore, poru\u010dio je zamjenik predsjednika SDP i predstavnik Evropskog saveza Petar Od\u017ei\u0107.<\/p>","protected":false},"author":16,"featured_media":915806,"comment_status":"open","ping_status":"open","sticky":false,"template":"","format":"standard","meta":{"_acf_changed":false,"footnotes":"","jetpack_publicize_message":"","jetpack_publicize_feature_enabled":true,"jetpack_social_post_already_shared":false,"jetpack_social_options":{"image_generator_settings":{"template":"highway","default_image_id":0,"font":"","enabled":false},"version":2}},"categories":[7],"tags":[586,1090],"naslovna":[],"class_list":["post-927000","post","type-post","status-publish","format-standard","has-post-thumbnail","hentry","category-politika","tag-evropski-savez","tag-petar-odzic"],"acf":[],"jetpack_publicize_connections":[],"_links":{"self":[{"href":"https:\/\/gradski.me\/en\/wp-json\/wp\/v2\/posts\/927000","targetHints":{"allow":["GET"]}}],"collection":[{"href":"https:\/\/gradski.me\/en\/wp-json\/wp\/v2\/posts"}],"about":[{"href":"https:\/\/gradski.me\/en\/wp-json\/wp\/v2\/types\/post"}],"author":[{"embeddable":true,"href":"https:\/\/gradski.me\/en\/wp-json\/wp\/v2\/users\/16"}],"replies":[{"embeddable":true,"href":"https:\/\/gradski.me\/en\/wp-json\/wp\/v2\/comments?post=927000"}],"version-history":[{"count":0,"href":"https:\/\/gradski.me\/en\/wp-json\/wp\/v2\/posts\/927000\/revisions"}],"wp:featuredmedia":[{"embeddable":true,"href":"https:\/\/gradski.me\/en\/wp-json\/wp\/v2\/media\/915806"}],"wp:attachment":[{"href":"https:\/\/gradski.me\/en\/wp-json\/wp\/v2\/media?parent=927000"}],"wp:term":[{"taxonomy":"category","embeddable":true,"href":"https:\/\/gradski.me\/en\/wp-json\/wp\/v2\/categories?post=927000"},{"taxonomy":"post_tag","embeddable":true,"href":"https:\/\/gradski.me\/en\/wp-json\/wp\/v2\/tags?post=927000"},{"taxonomy":"naslovna","embeddable":true,"href":"https:\/\/gradski.me\/en\/wp-json\/wp\/v2\/naslovna?post=927000"}],"curies":[{"name":"wp","href":"https:\/\/api.w.org\/{rel}","templated":true}]}}