{"id":926290,"date":"2025-06-21T18:42:00","date_gmt":"2025-06-21T16:42:00","guid":{"rendered":"https:\/\/gradski.me\/uncategorized\/carapic-cilj-je-da-do-kraja-jula-uvedemo-koncept-lokalnih-izbora-u-jednom-danu\/"},"modified":"2025-06-21T18:42:00","modified_gmt":"2025-06-21T16:42:00","slug":"carapic-cilj-je-da-do-kraja-jula-uvedemo-koncept-lokalnih-izbora-u-jednom-danu","status":"publish","type":"post","link":"https:\/\/gradski.me\/en\/politika\/carapic-cilj-je-da-do-kraja-jula-uvedemo-koncept-lokalnih-izbora-u-jednom-danu\/","title":{"rendered":"\u010carapi\u0107: Cilj je da do kraja jula uvedemo koncept lokalnih izbora u jednom danu"},"content":{"rendered":"<p><\/p>\n\n\n\n<p>U Crnoj Gori se do sada glasalo gotovo svakog mjeseca \u2013 op\u0161tina po op\u0161tina, vanredno, redovno. Sada \u2013 planira se obratno: svi lokalni izbori u jednom danu. Koncept Zakona o lokalnim izborima je na stolu Odobora za sveobuhvatnu izbornu reformu, a Ministarstvo javne uprave predla\u017ee da se primijeni od 2027.<\/p>\n\n\n\n<p>&#8222;Nama je cilj da do kraja jula uvedemo koncept lokalnih izbora u jednom danu, da napravimo politi\u010dki dogovor kada \u0107e biti prvi datum objedinjenih izbora i intenzivno radimo na tome&#8220;, kazao je poslanik PES-a i \u010dlan Odbora za izbornu reformu Vasilije \u010carapi\u0107.<\/p>\n\n\n\n<p>Za dogovor je i opozicija. Ipak, nezadovoljni su dinamikom rada Odbora.<\/p>\n\n\n\n<p>&#8222;Poslani\u010dki klubovi ne do\u017eivljavaju izbornu reformu kao ne\u0161to \u0161to je visoko na agendi bez obzira \u0161to iz EU uporno ponavljaju da je izborna reforma klju\u010dni stub budu\u0107eg \u010dlanstva Crne Gore u EU&#8220;, ka\u017ee poslanik DPS-a i \u010dlan Odbora za izbornu reformu Nikola Rako\u010devi\u0107.<\/p>\n\n\n\n<p>A Evropska unija ve\u0107 godinama ponavlja prioritete \u2013 loklane izbore u jednom danu, manje tenzija, manje kampanja.<\/p>\n\n\n\n<p>&#8222;\u010cesti izbori u razli\u010ditim op\u0161tinama parali\u0161u rad lokalnih zajednica i dr\u017eave. Zato, lokalni izbori moraju biti odr\u017eani istog dana, a vlasti se moraju konstituisati odmah nakon izbora. Crna Gora je mala dr\u017eava i to zna\u010di da izborna kampanja u jednoj op\u0161tini postaje nacionalno pitanje. To dovodi do toga da je politika zaokupljena sobom, a ne va\u017enim pitanjima&#8220;, kazao je izvjestilac Evropskog parlamenta za Crnu Goru Marjan \u0160arec.<\/p>\n\n\n\n<p>Na sli\u010dno upozorava i CDT.<\/p>\n\n\n\n<p>&#8222;Organizvanje lokalnih izbora u jednom danu bi nas izvuklo iz atmosfere neprekidne kampanje. Svakodenvno svjedo\u010dimo politi\u010dkim tenzijama. Kad god se raspi\u0161u izbori sve \u0161to partije urade se mjeri glasovima. To parali\u0161e dru\u0161tvo i funkcionisanje u dr\u017eavi&#8220;, ka\u017ee Milena Gvozdenovi\u0107 iz CDT-a.<\/p>\n\n\n\n<p>Koncept Zakona o lokalnim izborima predvi\u0111a i drektan izbor predsjednika op\u0161tine, uvo\u0111enje otvorenih lista i direktnu demokratija. Taj koncept podr\u017eava i predsjednik dr\u017eave Jakov Milatovi\u0107.<\/p>\n\n\n\n<p>&#8222;Mislim da je koncept zakona izuzetno dobar, podr\u017eavam ga i o\u010dekujem od odbora da sada preuzme svoj dio posla i ono \u0161to je ve\u0107 dobro napraljeno stavi u funkciju&#8220;, izjavio je na tu temu Milatovi\u0107.<\/p>\n\n\n\n<p>No, realno je da do kraja jula \u010dlanovi Odbora u funkciju stave predlog odr\u017eavanja svih izbora u jednom danu, dok \u0107e ostali pri\u010dekati.<\/p>\n\n\n\n<p>&#8222;Taj dio posla mo\u017ee se realizovati do finalnog roka odbora tj. decembra i zalaga\u0107emo se za ta dva rje\u0161enja&#8220;, kazao je Rako\u010devi\u0107.<\/p>\n\n\n\n<p>&#8222;Mi imamo svoju dinamiku i cenimo to \u0161to je Ministarstvo javne uprave dostavilo neke svoje sugestije, ali ipak \u0107emo se voditi tim \u0161to je nadle\u017enost i cilj odbora&#8230; i ka\u017eem vam u vezi sa tim, poklapamo se u delu koji se ti\u010de lokalnih izbora u jednom danu&#8220;, kazao je \u010carapi\u0107.<\/p>\n\n\n\n<p>A predlo\u017eena rje\u0161enja za civilni sektor zna\u010de jedno \u2013 politi\u010dke partije bi morale da se odreknu barem dijela kontrole nad izbornim procesom. Teoretski \u2013 u interesu javnosti. Prakti\u010dno \u2013 veliko pitanje da li su na to zaista spremne.<\/p>","protected":false},"excerpt":{"rendered":"<p>Crna Gora bi mogla napustiti praksu \u010destih i rasutih lokalnih izbora i sve ih objedini u jedan dan. Koncept novog Zakona o lokalnim izborima ve\u0107 je na stolu Odbora za sveobuhvatnu izbornu reformu, a podr\u0161ku ima i u vlasti i u opoziciji. Evropska unija to godinama tra\u017ei, ali doma\u0107i dogovor ide sporo. I dok su svi saglasni da bi to smanjilo tenzije i kampanje, pitanje je koliko su partije spremne da se odreknu kontrole nad procesom.<\/p>","protected":false},"author":1,"featured_media":915748,"comment_status":"open","ping_status":"open","sticky":false,"template":"","format":"standard","meta":{"_acf_changed":false,"footnotes":"","jetpack_publicize_message":"","jetpack_publicize_feature_enabled":true,"jetpack_social_post_already_shared":false,"jetpack_social_options":{"image_generator_settings":{"template":"highway","default_image_id":0,"font":"","enabled":false},"version":2}},"categories":[7],"tags":[1611,282,24317,78,16036,971,6793,24318],"naslovna":[],"class_list":["post-926290","post","type-post","status-publish","format-standard","has-post-thumbnail","hentry","category-politika","tag-cdt","tag-eu","tag-izbori-u-jednom-danu","tag-jakov-milatovic","tag-milena-gvozdenovic","tag-nikola-rakocevic","tag-vasilije-carapic","tag-zakon-o-lokalnim-izborima"],"acf":[],"jetpack_publicize_connections":[],"_links":{"self":[{"href":"https:\/\/gradski.me\/en\/wp-json\/wp\/v2\/posts\/926290","targetHints":{"allow":["GET"]}}],"collection":[{"href":"https:\/\/gradski.me\/en\/wp-json\/wp\/v2\/posts"}],"about":[{"href":"https:\/\/gradski.me\/en\/wp-json\/wp\/v2\/types\/post"}],"author":[{"embeddable":true,"href":"https:\/\/gradski.me\/en\/wp-json\/wp\/v2\/users\/1"}],"replies":[{"embeddable":true,"href":"https:\/\/gradski.me\/en\/wp-json\/wp\/v2\/comments?post=926290"}],"version-history":[{"count":0,"href":"https:\/\/gradski.me\/en\/wp-json\/wp\/v2\/posts\/926290\/revisions"}],"wp:featuredmedia":[{"embeddable":true,"href":"https:\/\/gradski.me\/en\/wp-json\/wp\/v2\/media\/915748"}],"wp:attachment":[{"href":"https:\/\/gradski.me\/en\/wp-json\/wp\/v2\/media?parent=926290"}],"wp:term":[{"taxonomy":"category","embeddable":true,"href":"https:\/\/gradski.me\/en\/wp-json\/wp\/v2\/categories?post=926290"},{"taxonomy":"post_tag","embeddable":true,"href":"https:\/\/gradski.me\/en\/wp-json\/wp\/v2\/tags?post=926290"},{"taxonomy":"naslovna","embeddable":true,"href":"https:\/\/gradski.me\/en\/wp-json\/wp\/v2\/naslovna?post=926290"}],"curies":[{"name":"wp","href":"https:\/\/api.w.org\/{rel}","templated":true}]}}