{"id":926222,"date":"2025-06-21T13:26:00","date_gmt":"2025-06-21T11:26:00","guid":{"rendered":"https:\/\/gradski.me\/uncategorized\/crnogorske-teniserke-savladale-andoru-za-sedmo-mjesto\/"},"modified":"2025-06-21T13:26:00","modified_gmt":"2025-06-21T11:26:00","slug":"crnogorske-teniserke-savladale-andoru-za-sedmo-mjesto","status":"publish","type":"post","link":"https:\/\/gradski.me\/en\/sport\/crnogorske-teniserke-savladale-andoru-za-sedmo-mjesto\/","title":{"rendered":"Crnogorske teniserke savladale Andoru za sedmo mjesto"},"content":{"rendered":"<p>Petra Mirkovi\u0107 predala je me\u010d protiv \u017dudi Kartana Alane u drugom setu pri rezultatu 2\/6; 0\/1, dok je Tea Nik\u010devi\u0107 savladala Lauru Pihel 6\/1; 6\/0.<\/p>\n\n\n\n<p>U odlu\u010duju\u0107em dublu, Nik\u010devi\u0107 i Iva Laki\u0107 savladale su Alanu i Pihel rezultatom 6\/0; 6\/4.<\/p>\n\n\n\n<p>Ovo je bila tre\u0107a uzstopna pobjeda crnogorske reprezentacije na BJKC. <\/p>\n\n\n\n<p>Na\u0161e teniserke, predvo\u0111ene selektorom Milo\u0161em Karad\u017ei\u0107em, pokazale su dobru igru kojom su ostvarile nekoliko va\u017enih pobjeda, ali u klju\u010dnim momentima ipak nisu mogle da se izbore protiv favorita.<\/p>","protected":false},"excerpt":{"rendered":"<p>Crnogorske teniserke savladale su reprezentaciju Andore 2:1 u me\u010devima i time ostvarile kona\u010dnu sedmu poziciju na tabeli tre\u0107e grupe BJKC takmi\u010denja u Ki\u0161injevu, Moldavija.<\/p>","protected":false},"author":7,"featured_media":926223,"comment_status":"open","ping_status":"open","sticky":false,"template":"","format":"standard","meta":{"_acf_changed":false,"footnotes":"","jetpack_publicize_message":"","jetpack_publicize_feature_enabled":true,"jetpack_social_post_already_shared":false,"jetpack_social_options":{"image_generator_settings":{"template":"highway","default_image_id":0,"font":"","enabled":false},"version":2}},"categories":[15],"tags":[24156,24291,24157,23984,23985,23986],"naslovna":[],"class_list":["post-926222","post","type-post","status-publish","format-standard","has-post-thumbnail","hentry","category-sport","tag-bjk","tag-bjkc","tag-crnogorske-teniserke","tag-iva-lakic","tag-petra-mirkovic","tag-tea-nikcevic"],"acf":[],"jetpack_publicize_connections":[],"_links":{"self":[{"href":"https:\/\/gradski.me\/en\/wp-json\/wp\/v2\/posts\/926222","targetHints":{"allow":["GET"]}}],"collection":[{"href":"https:\/\/gradski.me\/en\/wp-json\/wp\/v2\/posts"}],"about":[{"href":"https:\/\/gradski.me\/en\/wp-json\/wp\/v2\/types\/post"}],"author":[{"embeddable":true,"href":"https:\/\/gradski.me\/en\/wp-json\/wp\/v2\/users\/7"}],"replies":[{"embeddable":true,"href":"https:\/\/gradski.me\/en\/wp-json\/wp\/v2\/comments?post=926222"}],"version-history":[{"count":0,"href":"https:\/\/gradski.me\/en\/wp-json\/wp\/v2\/posts\/926222\/revisions"}],"wp:featuredmedia":[{"embeddable":true,"href":"https:\/\/gradski.me\/en\/wp-json\/wp\/v2\/media\/926223"}],"wp:attachment":[{"href":"https:\/\/gradski.me\/en\/wp-json\/wp\/v2\/media?parent=926222"}],"wp:term":[{"taxonomy":"category","embeddable":true,"href":"https:\/\/gradski.me\/en\/wp-json\/wp\/v2\/categories?post=926222"},{"taxonomy":"post_tag","embeddable":true,"href":"https:\/\/gradski.me\/en\/wp-json\/wp\/v2\/tags?post=926222"},{"taxonomy":"naslovna","embeddable":true,"href":"https:\/\/gradski.me\/en\/wp-json\/wp\/v2\/naslovna?post=926222"}],"curies":[{"name":"wp","href":"https:\/\/api.w.org\/{rel}","templated":true}]}}