{"id":926068,"date":"2025-06-20T16:25:00","date_gmt":"2025-06-20T14:25:00","guid":{"rendered":"https:\/\/gradski.me\/uncategorized\/dramaticno-upozorenje-erdogana-sukob-izraela-i-irana-moze-izazvati-migracijski-haos-i-nuklearno-curenje\/"},"modified":"2025-06-20T16:25:00","modified_gmt":"2025-06-20T14:25:00","slug":"dramaticno-upozorenje-erdogana-sukob-izraela-i-irana-moze-izazvati-migracijski-haos-i-nuklearno-curenje","status":"publish","type":"post","link":"https:\/\/gradski.me\/en\/svijet\/dramaticno-upozorenje-erdogana-sukob-izraela-i-irana-moze-izazvati-migracijski-haos-i-nuklearno-curenje\/","title":{"rendered":"Dramati\u010dno upozorenje Erdogana: Sukob Izraela i Irana mo\u017ee izazvati migracijski haos i nuklearno curenje"},"content":{"rendered":"<p><\/p>\n\n\n\n<p>Izrael je, tvrde\u0107i da je Iran na ivici razvoja nuklearnog oru\u017eja, prije sedam dana pokrenuo masovni talas napada, \u0161to je odmah izazvalo iranski odgovor.<\/p>\n\n\n\n<p>&#8222;Spirala nasilja koju su pokrenuli izraelski napadi mo\u017ee na\u0161tetiti regionu i Evropi u pogledu migracija i mogu\u0107eg curenja nuklearnih materijala&#8220;, citirao je njegov kabinet rije\u010di iz telefonskog razgovora s njema\u010dkim kancelarom Fridrihom Mercom.<\/p>\n\n\n\n<p>Erdogan je kazao da je rje\u0161enje nuklearnih nesuglasica s Iranom &#8222;u pregovorima&#8220;. Dodao je da je nasilje &#8222;podiglo prijetnju po regionalnu sigurnost na najvi\u0161i nivo&#8220; te da Turska &#8222;ula\u017ee napore da se sukob okon\u010da&#8220;.<\/p>\n\n\n\n<p>Uprkos eskalaciji sukoba, izvor iz turskog Ministarstva odbrane izjavio je u \u010detvrtak da nije zabilje\u017een &#8222;nikakav porast&#8220; broja prelazaka iz Irana.<\/p>\n\n\n\n<p>Turske vlasti nisu objavile nikakve zvani\u010dne brojke.<\/p>\n\n\n\n<p>Dopisnici AFP-a sa glavnog grani\u010dnog prelaza Kapikoj, u blizini isto\u010dnog turskog grada Van, izvijestili su da su vidjeli nekoliko stotina ljudi kako prelaze u oba smjera, a jedan carinik je kazao da su brojke &#8222;ni\u0161ta neuobi\u010dajeno&#8220;.<\/p>\n\n\n\n<p>Tokom posjete granici u srijedu, ministar odbrane Jasar Guler izjavio je da su &#8222;sigurnosne mjere na na\u0161im granicama poja\u010dane&#8220;.<\/p>","protected":false},"excerpt":{"rendered":"<p>Turski predsjednik Red\u017eep Tad\u017eip Erdogan upozorio je u petak da bi vazdu\u0161ni rat izme\u0111u Irana i Izraela mogao izazvati porast migracija koji bi mogao na\u0161tetiti Evropi i cijelom regionu.<\/p>","protected":false},"author":1,"featured_media":922404,"comment_status":"open","ping_status":"open","sticky":false,"template":"","format":"standard","meta":{"_acf_changed":false,"footnotes":"","jetpack_publicize_message":"","jetpack_publicize_feature_enabled":true,"jetpack_social_post_already_shared":false,"jetpack_social_options":{"image_generator_settings":{"template":"highway","default_image_id":0,"font":"","enabled":false},"version":2}},"categories":[14],"tags":[4311,1524,40,24240,24241,8365],"naslovna":[],"class_list":["post-926068","post","type-post","status-publish","format-standard","has-post-thumbnail","hentry","category-svijet","tag-erdogan","tag-iran","tag-izrael","tag-migracijski-haos","tag-nuklearno-curenje","tag-sukob"],"acf":[],"jetpack_publicize_connections":[],"_links":{"self":[{"href":"https:\/\/gradski.me\/en\/wp-json\/wp\/v2\/posts\/926068","targetHints":{"allow":["GET"]}}],"collection":[{"href":"https:\/\/gradski.me\/en\/wp-json\/wp\/v2\/posts"}],"about":[{"href":"https:\/\/gradski.me\/en\/wp-json\/wp\/v2\/types\/post"}],"author":[{"embeddable":true,"href":"https:\/\/gradski.me\/en\/wp-json\/wp\/v2\/users\/1"}],"replies":[{"embeddable":true,"href":"https:\/\/gradski.me\/en\/wp-json\/wp\/v2\/comments?post=926068"}],"version-history":[{"count":0,"href":"https:\/\/gradski.me\/en\/wp-json\/wp\/v2\/posts\/926068\/revisions"}],"wp:featuredmedia":[{"embeddable":true,"href":"https:\/\/gradski.me\/en\/wp-json\/wp\/v2\/media\/922404"}],"wp:attachment":[{"href":"https:\/\/gradski.me\/en\/wp-json\/wp\/v2\/media?parent=926068"}],"wp:term":[{"taxonomy":"category","embeddable":true,"href":"https:\/\/gradski.me\/en\/wp-json\/wp\/v2\/categories?post=926068"},{"taxonomy":"post_tag","embeddable":true,"href":"https:\/\/gradski.me\/en\/wp-json\/wp\/v2\/tags?post=926068"},{"taxonomy":"naslovna","embeddable":true,"href":"https:\/\/gradski.me\/en\/wp-json\/wp\/v2\/naslovna?post=926068"}],"curies":[{"name":"wp","href":"https:\/\/api.w.org\/{rel}","templated":true}]}}