{"id":926060,"date":"2025-06-20T14:48:00","date_gmt":"2025-06-20T12:48:00","guid":{"rendered":"https:\/\/gradski.me\/uncategorized\/izraelski-ministar-odbrane-naredio-vojsci-da-pojaca-napade\/"},"modified":"2025-06-20T14:48:00","modified_gmt":"2025-06-20T12:48:00","slug":"izraelski-ministar-odbrane-naredio-vojsci-da-pojaca-napade","status":"publish","type":"post","link":"https:\/\/gradski.me\/en\/svijet\/izraelski-ministar-odbrane-naredio-vojsci-da-pojaca-napade\/","title":{"rendered":"Izraelski ministar odbrane naredio vojsci da poja\u010da napade"},"content":{"rendered":"<p><\/p>\n\n\n\n<p>Kac je rekao da njegova naredba tako\u0111e uklju\u010duje nastavak ciljanja iranskih objekata i nau\u010dnika kako ne bi mogli o\u017eivjeti nuklearni program, prenosi Radio Slobodna Evropa.<\/p>\n\n\n\n<p>&#8222;Moramo napasti sve vladine institucije i mehanizme represije nad narodom, poput Basija i re\u017eimskih baza mo\u0107i poput Revolucionarne garde&#8220;, naveo je Kac nakon sastanka o procjeni sigurnosti.<\/p>\n\n\n\n<p>Prema njegovim rije\u010dima, &#8222;evakuacija Teherana&#8220; mora se sprovesti opse\u017eno i uzastopnim udarima moraju posti\u0107i sve ciljevi operacije.<\/p>","protected":false},"excerpt":{"rendered":"<p>Izraelski ministar odbrane Izrael Kac naredio je vojsci da poja\u010da napade na ciljeve povezane s Islamskom Republikom i simbole re\u017eima u Teheranu kako bi destabilizovali iranski re\u017eim.<\/p>","protected":false},"author":1,"featured_media":926061,"comment_status":"open","ping_status":"open","sticky":false,"template":"","format":"standard","meta":{"_acf_changed":false,"footnotes":"","jetpack_publicize_message":"","jetpack_publicize_feature_enabled":true,"jetpack_social_post_already_shared":false,"jetpack_social_options":{"image_generator_settings":{"template":"highway","default_image_id":0,"font":"","enabled":false},"version":2}},"categories":[14],"tags":[20506,24239,2636],"naslovna":[],"class_list":["post-926060","post","type-post","status-publish","format-standard","has-post-thumbnail","hentry","category-svijet","tag-izraelski-ministar-odbrane","tag-pojacavanje-napada","tag-vojska"],"acf":[],"jetpack_publicize_connections":[],"_links":{"self":[{"href":"https:\/\/gradski.me\/en\/wp-json\/wp\/v2\/posts\/926060","targetHints":{"allow":["GET"]}}],"collection":[{"href":"https:\/\/gradski.me\/en\/wp-json\/wp\/v2\/posts"}],"about":[{"href":"https:\/\/gradski.me\/en\/wp-json\/wp\/v2\/types\/post"}],"author":[{"embeddable":true,"href":"https:\/\/gradski.me\/en\/wp-json\/wp\/v2\/users\/1"}],"replies":[{"embeddable":true,"href":"https:\/\/gradski.me\/en\/wp-json\/wp\/v2\/comments?post=926060"}],"version-history":[{"count":0,"href":"https:\/\/gradski.me\/en\/wp-json\/wp\/v2\/posts\/926060\/revisions"}],"wp:featuredmedia":[{"embeddable":true,"href":"https:\/\/gradski.me\/en\/wp-json\/wp\/v2\/media\/926061"}],"wp:attachment":[{"href":"https:\/\/gradski.me\/en\/wp-json\/wp\/v2\/media?parent=926060"}],"wp:term":[{"taxonomy":"category","embeddable":true,"href":"https:\/\/gradski.me\/en\/wp-json\/wp\/v2\/categories?post=926060"},{"taxonomy":"post_tag","embeddable":true,"href":"https:\/\/gradski.me\/en\/wp-json\/wp\/v2\/tags?post=926060"},{"taxonomy":"naslovna","embeddable":true,"href":"https:\/\/gradski.me\/en\/wp-json\/wp\/v2\/naslovna?post=926060"}],"curies":[{"name":"wp","href":"https:\/\/api.w.org\/{rel}","templated":true}]}}