{"id":926054,"date":"2025-06-20T16:38:00","date_gmt":"2025-06-20T14:38:00","guid":{"rendered":"https:\/\/gradski.me\/uncategorized\/apelacioni-sud-odbio-zalbe-potvrdjene-presude-urosu-i-radisi-blazicu-za-zlocin-u-malom-orasju-i-duboni\/"},"modified":"2025-06-20T16:38:00","modified_gmt":"2025-06-20T14:38:00","slug":"apelacioni-sud-odbio-zalbe-potvrdjene-presude-urosu-i-radisi-blazicu-za-zlocin-u-malom-orasju-i-duboni","status":"publish","type":"post","link":"https:\/\/gradski.me\/en\/region\/apelacioni-sud-odbio-zalbe-potvrdjene-presude-urosu-i-radisi-blazicu-za-zlocin-u-malom-orasju-i-duboni\/","title":{"rendered":"Apelacioni sud odbio \u017ealbe: Potvr\u0111ene presude Uro\u0161u i Radi\u0161i Bla\u017ei\u0107u za zlo\u010din u Malom Ora\u0161ju i Duboni"},"content":{"rendered":"<p>Podsje\u0107amo, Bla\u017ei\u0107 je 12. decembra pro\u0161le godine osu\u0111en pred Specijalnim sudom u Beogradu na jedinstvenu kaznu od 20 godina zatvora.<\/p>\n\n\n\n<p>U dana\u0161njem saop\u0161tenju Apelacioni sud navodi da je 13. maja 2025. godine donio presudu kojom je odbio kao neosnovane \u017ealbe branilaca okrivljenih i potvrdio prvostepenu presudu.<\/p>\n\n\n\n<p>&#8222;Po ocjeni Apelacionog suda, prvostepeni sud je, suprotno navodima \u017ealbe okr. Uro\u0161a Bla\u017ei\u0107a, u pobijanoj presudi najprije pravilno utvrdio sve zakonom propisane okolnosti u odnosu na olak\u0161avaju\u0107e okolnosti, a zatim je pravilno od ote\u017eavaju\u0107ih okolnosti cijenio da je okrivljeni Uro\u0161 Bla\u017ei\u0107 prilikom preduzimanja radnji krivi\u010dnih djela u kratkom vremenskom periodu i u kontinuitetu ispoljio naro\u010ditu upornost, istrajnost, brutalnost ali i odsustvo empatije prema o\u0161te\u0107enima, jer ih je ostavio bez pomo\u0107i i oti\u0161ao potpuno mirno s lica mjesta, ispoljiv\u0161i pritom visok stepen kriminalne volje, pa mu je sud dalje cijene\u0107i stepen krivice i ja\u010dinu povrede za\u0161ti\u0107enog dobra, najprije utvrdio pojedina\u010dne kazne zatvora i to zbog izvr\u0161enja krivi\u010dnog djela te\u0161ko ubistvo u trajanju od 20 godina, zbog krivi\u010dnog djela nedozvoljena proizvodnja, dr\u017eanje, no\u0161enje i promet eksplozivnih materija i krivi\u010dnog djela otmica u trajanju od po 10 godina, i zbog krivi\u010dnog djela neovla\u0161teno kori\u0161tenje tu\u0111eg vozila kaznu zatvora u trajanju od 3 godine, pa ga je osudio na jedinstvenu kaznu zatvora u trajanju od 20 godina, pravilno primijeniv\u0161i \u010dlan zakona koji propisuje da se do\u017eivotni zatvor ne mo\u017ee izre\u0107i licu koje u vrijeme izvr\u0161enja krivi\u010dnog djela nije navr\u0161ilo 21 godinu \u017eivota&#8220;, navodi se u obrazlo\u017eenju odluke.<\/p>\n\n\n\n<p>Dodaje se da je okrivljeni Uro\u0161 Bla\u017ei\u0107 u vrijeme izvr\u0161enja krivi\u010dnog djela imao navr\u0161enih 20 godina \u017eivota, pa samim tim spada u kategoriju mla\u0111ih punoljetnih lica, kojima se u smislu imperativnih krivi\u010dnopravnih propisa ne mo\u017ee izre\u0107i kazna zatvora u trajanju du\u017eem od 20 godina, na koju kaznu zatvora je kao maksimalno zakonom propisanu, i prema stavu ovog suda pravilno i osu\u0111en.<\/p>\n\n\n\n<p>&#8222;Pravilno je prvostepeni sud utvrdio da je okrivljeni Radi\u0161a Bla\u017ei\u0107 kako u Duboni tako i u \u0160ep\u0161inu neovla\u0161teno dr\u017eao ve\u0107u koli\u010dinu vatrenog oru\u017eja, dijelova za oru\u017eje, konvertibilno oru\u017eje, municiju, eksplozivne materije i minsko-eksplozivna sredstva. Po ocjeni Apelacionog suda u Beogradu protivpravno postupanje okrivljenog Radi\u0161e Bla\u017ei\u0107a kada je u pitanju te\u0161ko djelo protiv op\u0107e sigurnosti se ne ogleda u \u010dinjenju, ve\u0107 upravo u ne\u010dinjenju \u2013 propu\u0161tanju okrivljenog da obezbijedi navedenu koli\u010dinu oru\u017eja i municije koju je nabavio i dr\u017eao lako dostupnom okr. Uro\u0161u Bla\u017ei\u0107u, \u010dime je izazvana konkretna opasnost za \u017eivot i tijelo ljudi, odnosno smrt i ranjavanje vi\u0161e lica od strane Uro\u0161a Bla\u017ei\u0107a&#8220;, navodi se u odluci suda.<\/p>\n\n\n\n<p>Apelacioni sud, kako se dodaje, nalazi da je prvostepeni sud pravilno u odnosu na okrivljenog Radi\u0161u Bla\u017ei\u0107a od olak\u0161avaju\u0107ih okolnosti imao u vidu da se radi o porodi\u010dnom \u010dovjeku, da je postupao u stanju smanjene ura\u010dunljivosti do bitnog ali ne i bitno, te da je neosu\u0111ivan, dok je \u0161to se ti\u010de ote\u017eavaju\u0107ih okolnosti, sud imao u vidu da je u pitanju profesionalno vojno lice, izme\u0111u ostalog i instruktor za snajper, da mu je oru\u017eje bilo poznato i dostupno, da mu je tako\u0111e bilo poznato da su protiv njegovog sina pokretani prekr\u0161ajni postupci, a da pritom uz sva ova saznanja kao vojno lice nije u\u010dinio ni\u0161ta da svojim autoritetom i li\u010dno\u0161\u0107u uti\u010de, za\u0161titi i sprije\u010di da se ikakva neprijatna situacija dogodi, kako u svojoj porodici najprije tako i u dru\u0161tvu, ve\u0107 je suprotno sopstvenoj profesiji doprinio da se dogodi tragedija nemjerljivih razmjera, pri \u010demu je njegov sin okrivljeni Uro\u0161 prilikom izvr\u0161enja djela ispoljio naro\u010ditu upornost, istrajnost, bezobzirnost, brutalnost i odsustvo svake empatije prema o\u0161te\u0107enima.<\/p>\n\n\n\n<p>&#8222;Daju\u0107i adekvatan zna\u010daj utvr\u0111enim ote\u017eavaju\u0107im i olak\u0161avaju\u0107im okolnostima, prvostepeni sud je pravilno okrivljenom Radi\u0161i Bla\u017ei\u0107u utvrdio kazne i to za krivi\u010dno djelo nedozvoljena proizvodnja, dr\u017eanje, no\u0161enje i promet oru\u017eja i eksplozivnih materija kaznu zatvora u trajanju od 12 godina i za krivi\u010dno djelo te\u0161ko djelo protiv op\u0107e sigurnosti kaznu zatvora u trajanju od 10 godina, a zatim ga osudio na jedinstvenu kaznu zatvora u trajanju od 20 godina, nalaze\u0107i da \u0107e se odmjerenom jedinstvenom kaznom u potpunosti ostvariti svrha ka\u017enjavanja i da \u0107e se u dovoljnoj mjeri uticati na okrivljenog i na druge da ubudu\u0107e ne \u010dine krivi\u010dna djela, da \u0107e se odmjerenom kaznom uticati na ja\u010danje morala i u\u010dvr\u0161\u0107ivanje obaveze po\u0161tovanja zakona i da \u0107e dovesti do potrebne pravi\u010dnosti i srazmjere izme\u0111u u\u010dinjenog djela i te\u017eine kazne, te da je odmjerena kazna neophodna ali i dovoljna da se ostvari kako specijalna tako i generalna prevencija u smislu suzbijanja dru\u0161tveno opasnih djelatnosti&#8220;, precizira se u sudskoj odluci.<\/p>","protected":false},"excerpt":{"rendered":"<p>Apelacioni sud u Beogradu odbio je kao neosnovane \u017ealbe branilaca okrivljenih i potvrdio prvostepenu presudu Uro\u0161u Bla\u017ei\u0107u, koji je osu\u0111en na kaznu od 20 godina zatvora zato \u0161to je 4. maja 2023. godine u selima Malo Ora\u0161je i Dubona ubio devet, a ranio 12 osoba. Potvr\u0111ena je i presuda njegovom ocu Radi\u0161i Bla\u017ei\u0107u, koji je tako\u0111e dobio maksimalnu kaznu od 20 godina zatvora.<\/p>","protected":false},"author":16,"featured_media":926055,"comment_status":"open","ping_status":"open","sticky":false,"template":"","format":"standard","meta":{"_acf_changed":false,"footnotes":"","jetpack_publicize_message":"","jetpack_publicize_feature_enabled":true,"jetpack_social_post_already_shared":false,"jetpack_social_options":{"image_generator_settings":{"template":"highway","default_image_id":0,"font":"","enabled":false},"version":2}},"categories":[13],"tags":[24235,24236,533,24237],"naslovna":[],"class_list":["post-926054","post","type-post","status-publish","format-standard","has-post-thumbnail","hentry","category-region","tag-dubona","tag-malo-orasje","tag-srbija","tag-uros-blazic"],"acf":[],"jetpack_publicize_connections":[],"_links":{"self":[{"href":"https:\/\/gradski.me\/en\/wp-json\/wp\/v2\/posts\/926054","targetHints":{"allow":["GET"]}}],"collection":[{"href":"https:\/\/gradski.me\/en\/wp-json\/wp\/v2\/posts"}],"about":[{"href":"https:\/\/gradski.me\/en\/wp-json\/wp\/v2\/types\/post"}],"author":[{"embeddable":true,"href":"https:\/\/gradski.me\/en\/wp-json\/wp\/v2\/users\/16"}],"replies":[{"embeddable":true,"href":"https:\/\/gradski.me\/en\/wp-json\/wp\/v2\/comments?post=926054"}],"version-history":[{"count":0,"href":"https:\/\/gradski.me\/en\/wp-json\/wp\/v2\/posts\/926054\/revisions"}],"wp:featuredmedia":[{"embeddable":true,"href":"https:\/\/gradski.me\/en\/wp-json\/wp\/v2\/media\/926055"}],"wp:attachment":[{"href":"https:\/\/gradski.me\/en\/wp-json\/wp\/v2\/media?parent=926054"}],"wp:term":[{"taxonomy":"category","embeddable":true,"href":"https:\/\/gradski.me\/en\/wp-json\/wp\/v2\/categories?post=926054"},{"taxonomy":"post_tag","embeddable":true,"href":"https:\/\/gradski.me\/en\/wp-json\/wp\/v2\/tags?post=926054"},{"taxonomy":"naslovna","embeddable":true,"href":"https:\/\/gradski.me\/en\/wp-json\/wp\/v2\/naslovna?post=926054"}],"curies":[{"name":"wp","href":"https:\/\/api.w.org\/{rel}","templated":true}]}}