{"id":925978,"date":"2025-06-20T11:42:00","date_gmt":"2025-06-20T09:42:00","guid":{"rendered":"https:\/\/gradski.me\/uncategorized\/gradsko-pozoriste-jaca-regionalnu-saradnju\/"},"modified":"2025-06-20T11:42:00","modified_gmt":"2025-06-20T09:42:00","slug":"gradsko-pozoriste-jaca-regionalnu-saradnju","status":"publish","type":"post","link":"https:\/\/gradski.me\/en\/drustvo\/gradsko-pozoriste-jaca-regionalnu-saradnju\/","title":{"rendered":"Gradsko pozori\u0161te ja\u010da regionalnu saradnju"},"content":{"rendered":"<p>Memorandumi predstavljaju strate\u0161ki okvir za budu\u0107e aktivnosti u oblasti pozori\u0161ne i umjetni\u010dke saradnje, uklju\u010duju\u0107i koprodukcije, razmjenu predstava, edukativne programe, kao i me\u0111uinstitucionalnu podr\u0161ku u domenu produkcije, promocije i tehni\u010dke realizacije.<\/p>\n\n\n\n<p>&nbsp;Direktorica Gradskog pozori\u0161ta Podgorica, Sandra Vujovi\u0107, istakla je zna\u010daj ovih partnerstava:<\/p>\n\n\n\n<p>&#8211; Regionalno povezivanje sa partnerskim institucijama u Sjevernoj Makedoniji dio je na\u0161eg fokusa na me\u0111uinstitucionalnu saradnju i kulturni dijalog u regionu. Saradnja sa Prilepom, \u0160tipom i Art Mediom iz Skoplja otvara mogu\u0107nosti za nove umjetni\u010dke susrete i razmjenu iskustava, te potvr\u0111uje da se kreativne ideje najbolje razvijaju u prostoru zajedni\u010dkog dijaloga\u201c \u2013 kazala je Vujovi\u0107.<\/p>\n\n\n\n<p>Sporazumi, kao i ranije potpisani memorandum sa Makedonskim narodnim teatrom, dodatno u\u010dvr\u0161\u0107uju poziciju Gradskog pozori\u0161ta kao relevantnog aktera na regionalnoj kulturnoj sceni.<\/p>\n\n\n\n<p>Memorandum su, u ime svojih institucija, potpisali direktori Sandra Vujovi\u0107, Marija Popova Jovanoska(Prilep), Pece Ristevski (\u0160tip), kao i Nata\u0161a Poplavska ispred produkcijske ku\u0107e ,,Art Media\u201d.<\/p>\n\n\n\n<p>Gradsko pozori\u0161te Podgorica kroz ovakve inicijative nastavlja da njeguje pozori\u0161te otvoreno ka saradnji, dijalogu i razmjeni, s ciljem ja\u010danja kulturnih veza me\u0111u zemljama regiona i zajedni\u010dkog doprinosa razvoju regionalne pozori\u0161ne scene.<\/p>\n\n\n\n<p>U narednom periodu, Gradsko pozori\u0161te Podgorica, o\u010dekuje&nbsp; uspostavljanje saradnje i sa ostalim regionalnim pozori\u0161tima u cilju osna\u017eivanja kulturne mre\u017ee i umjetni\u010dkih potencijala.<\/p>","protected":false},"excerpt":{"rendered":"<p>Gradsko pozori\u0161te Podgorica nastavilo je sa ja\u010danjem me\u0111unarodne saradnje potpisivanjem memoranduma sa tri ugledne kulturne institucije iz Sjeverne Makedonije: Nacionalnim ustanovama &#8211; Centar za kulturu ,,Aco \u0160opov&#8220; iz \u0160tipa, Centar za kulturu ,,Marko Cepenkov&#8220;\u00a0 iz Prilepa, kao i sa produkcijskom ku\u0107om \u201eArt Media\u201c iz Skoplja, saop\u0161teno je iz Gradskog pozori\u0161ta.<\/p>","protected":false},"author":18,"featured_media":925979,"comment_status":"open","ping_status":"open","sticky":false,"template":"","format":"standard","meta":{"_acf_changed":false,"footnotes":"","jetpack_publicize_message":"","jetpack_publicize_feature_enabled":true,"jetpack_social_post_already_shared":false,"jetpack_social_options":{"image_generator_settings":{"template":"highway","default_image_id":0,"font":"","enabled":false},"version":2}},"categories":[9],"tags":[4915,10874],"naslovna":[],"class_list":["post-925978","post","type-post","status-publish","format-standard","has-post-thumbnail","hentry","category-drustvo","tag-gradsko-pozoriste","tag-sandra-vujovic"],"acf":[],"jetpack_publicize_connections":[],"_links":{"self":[{"href":"https:\/\/gradski.me\/en\/wp-json\/wp\/v2\/posts\/925978","targetHints":{"allow":["GET"]}}],"collection":[{"href":"https:\/\/gradski.me\/en\/wp-json\/wp\/v2\/posts"}],"about":[{"href":"https:\/\/gradski.me\/en\/wp-json\/wp\/v2\/types\/post"}],"author":[{"embeddable":true,"href":"https:\/\/gradski.me\/en\/wp-json\/wp\/v2\/users\/18"}],"replies":[{"embeddable":true,"href":"https:\/\/gradski.me\/en\/wp-json\/wp\/v2\/comments?post=925978"}],"version-history":[{"count":0,"href":"https:\/\/gradski.me\/en\/wp-json\/wp\/v2\/posts\/925978\/revisions"}],"wp:featuredmedia":[{"embeddable":true,"href":"https:\/\/gradski.me\/en\/wp-json\/wp\/v2\/media\/925979"}],"wp:attachment":[{"href":"https:\/\/gradski.me\/en\/wp-json\/wp\/v2\/media?parent=925978"}],"wp:term":[{"taxonomy":"category","embeddable":true,"href":"https:\/\/gradski.me\/en\/wp-json\/wp\/v2\/categories?post=925978"},{"taxonomy":"post_tag","embeddable":true,"href":"https:\/\/gradski.me\/en\/wp-json\/wp\/v2\/tags?post=925978"},{"taxonomy":"naslovna","embeddable":true,"href":"https:\/\/gradski.me\/en\/wp-json\/wp\/v2\/naslovna?post=925978"}],"curies":[{"name":"wp","href":"https:\/\/api.w.org\/{rel}","templated":true}]}}