{"id":925954,"date":"2025-06-20T08:53:11","date_gmt":"2025-06-20T06:53:11","guid":{"rendered":"https:\/\/gradski.me\/uncategorized\/vukic-da-je-dps-ostao-na-vlasti-pravda-bi-i-dalje-bila-talac-politickih-interesa\/"},"modified":"2025-06-20T08:53:11","modified_gmt":"2025-06-20T06:53:11","slug":"vukic-da-je-dps-ostao-na-vlasti-pravda-bi-i-dalje-bila-talac-politickih-interesa","status":"publish","type":"post","link":"https:\/\/gradski.me\/en\/podgorica\/vukic-da-je-dps-ostao-na-vlasti-pravda-bi-i-dalje-bila-talac-politickih-interesa\/","title":{"rendered":"Vuki\u0107: Da je DPS ostao na vlasti, pravda bi i dalje bila talac politi\u010dkih interesa"},"content":{"rendered":"<p>\u201cUmjesto toga, gra\u0111ani Crne Gore svjedo\u010dili su sistemskoj korupciji, kriminalnim radnjama, partijskom zarobljavanju institucija, i selektivnom sprovo\u0111enju zakona\u201d, naveo je Vuki\u0107.<\/p>\n\n\n\n<p>Kako isti\u010de, upravo su promjene nakon 30. avgusta 2020. godine omogu\u0107ile pokretanje procesa protiv onih koji su godinama bili nedodirljivi.<\/p>\n\n\n\n<p>\u201cDa je DPS ostao na vlasti, pravda bi i dalje bila talac politi\u010dkih interesa. Izjava gospodina \u017divkovi\u0107a vi\u0161e li\u010di na poku\u0161aj umanjenja uloge nove vlasti u osna\u017eivanju pravosudnih institucija, nego na iskrenu samokritiku. Gra\u0111ani znaju ko je ru\u0161io institucije, a ko ih gradi\u201d, saop\u0161tio je Vuki\u0107.<\/p>\n\n\n\n<p>On isti\u010de da \u0107e SNP uvijek podr\u017eavati nezavisnost pravosu\u0111a i borbu protiv korupcije \u2013 bez obzira na to ko je na vlasti, a ko u opoziciji.<\/p>\n\n\n\n<p>\u201cZa razliku od DPS-a, SNP nikada nije bje\u017eao od odgovornosti i uvijek je bio dio snaga koje su se borile za promjene i istinsku pravdu u Crnoj Gori\u201d, zaklju\u010duje Vuki\u0107.<\/p>","protected":false},"excerpt":{"rendered":"<p>Da je DPS zaista bio spreman na pravdu i odgovornost, imao je za to tri decenije neograni\u010dene mo\u0107i, saop\u0161tio je sekretar Izvr\u0161nog odbora Glavnog odbora SNP CG Dragan Vuki\u0107, nakon izjave predsjednika DPS-a Danijela \u017divkovi\u0107a, u kojima navodi da bi do hap\u0161enja nekada\u0161njih funkcionera do\u0161lo i da je ta partija ostala na vlasti.<\/p>","protected":false},"author":18,"featured_media":920536,"comment_status":"open","ping_status":"open","sticky":false,"template":"","format":"standard","meta":{"_acf_changed":false,"footnotes":"","jetpack_publicize_message":"","jetpack_publicize_feature_enabled":true,"jetpack_social_post_already_shared":false,"jetpack_social_options":{"image_generator_settings":{"template":"highway","default_image_id":0,"font":"","enabled":false},"version":2}},"categories":[6],"tags":[88,18816,266],"naslovna":[],"class_list":["post-925954","post","type-post","status-publish","format-standard","has-post-thumbnail","hentry","category-podgorica","tag-dps","tag-dragan-vukic","tag-snp"],"acf":[],"jetpack_publicize_connections":[],"_links":{"self":[{"href":"https:\/\/gradski.me\/en\/wp-json\/wp\/v2\/posts\/925954","targetHints":{"allow":["GET"]}}],"collection":[{"href":"https:\/\/gradski.me\/en\/wp-json\/wp\/v2\/posts"}],"about":[{"href":"https:\/\/gradski.me\/en\/wp-json\/wp\/v2\/types\/post"}],"author":[{"embeddable":true,"href":"https:\/\/gradski.me\/en\/wp-json\/wp\/v2\/users\/18"}],"replies":[{"embeddable":true,"href":"https:\/\/gradski.me\/en\/wp-json\/wp\/v2\/comments?post=925954"}],"version-history":[{"count":0,"href":"https:\/\/gradski.me\/en\/wp-json\/wp\/v2\/posts\/925954\/revisions"}],"wp:featuredmedia":[{"embeddable":true,"href":"https:\/\/gradski.me\/en\/wp-json\/wp\/v2\/media\/920536"}],"wp:attachment":[{"href":"https:\/\/gradski.me\/en\/wp-json\/wp\/v2\/media?parent=925954"}],"wp:term":[{"taxonomy":"category","embeddable":true,"href":"https:\/\/gradski.me\/en\/wp-json\/wp\/v2\/categories?post=925954"},{"taxonomy":"post_tag","embeddable":true,"href":"https:\/\/gradski.me\/en\/wp-json\/wp\/v2\/tags?post=925954"},{"taxonomy":"naslovna","embeddable":true,"href":"https:\/\/gradski.me\/en\/wp-json\/wp\/v2\/naslovna?post=925954"}],"curies":[{"name":"wp","href":"https:\/\/api.w.org\/{rel}","templated":true}]}}