{"id":925884,"date":"2025-06-19T20:37:00","date_gmt":"2025-06-19T18:37:00","guid":{"rendered":"https:\/\/gradski.me\/uncategorized\/majka-20-koja-je-u-banjoj-luci-pokusala-ugusiti-devetomjesecnu-bebu-pustena-na-slobodu\/"},"modified":"2025-06-19T20:37:00","modified_gmt":"2025-06-19T18:37:00","slug":"majka-20-koja-je-u-banjoj-luci-pokusala-ugusiti-devetomjesecnu-bebu-pustena-na-slobodu","status":"publish","type":"post","link":"https:\/\/gradski.me\/en\/region\/majka-20-koja-je-u-banjoj-luci-pokusala-ugusiti-devetomjesecnu-bebu-pustena-na-slobodu\/","title":{"rendered":"Majka (20) koja je u Banjoj Luci poku\u0161ala ugu\u0161iti devetomjese\u010dnu bebu pu\u0161tena na slobodu"},"content":{"rendered":"<p><\/p>\n\n\n\n<p>Okru\u017eni sud u Banjoj Luci odbio je predlog za odre\u0111ivanje jednomjese\u010dnog pritvora V.P. (20) zbog poku\u0161aja te\u0161kog ubistva devetomjese\u010dnog sina.<\/p>\n\n\n\n<p>Iz suda su kazali da je predlog odbijen kao neosnovan.<\/p>\n\n\n\n<p>Njoj su izre\u010dene mjere zabrane i to sastajanja i pribli\u017eavanja bebi. Izdata je i naredba da se povremeno javlja nadle\u017enoj policijskoj stanici tri puta sedmi\u010dno.<\/p>\n\n\n\n<p>\u201dSud \u0107e svaka dva mjeseca po slu\u017ebenoj du\u017enosti ispitati da li su izre\u010dene mjere i dalje potrebne. Na osnovu \u010dlana 186. stav 3. Zakona o krivi\u010dnom postupku Republike Srpske, osumnji\u010dena je upozorena da je du\u017ena pridr\u017eavati se navedenih mjera zabrane i ukoliko prekr\u0161i izre\u010dene mjere zabrane da se protiv nje mo\u017ee odrediti pritvor&#8220;, rekla je za ATV portparol Okru\u017enog suda u Banjoj Luci Milana An\u0111eli\u0107.<\/p>\n\n\n\n<p>Prema nezvani\u010dnim informacijama kod \u017eene su konstatovani psihi\u010dki problemi, a beba koja je od ranije imala zdravstvenih problema je u posljednjem trenutku spa\u0161ena.<\/p>","protected":false},"excerpt":{"rendered":"<p>Majka koja je u banjalu\u010dkom Univerzitetskom klini\u010dkom centru 20-godi\u0161nja jastukom poku\u0161ala ugu\u0161iti svoju devetomjese\u010dnu bebu pu\u0161tena je na slobodu uz mjere zabrane.<\/p>","protected":false},"author":1,"featured_media":925885,"comment_status":"open","ping_status":"open","sticky":false,"template":"","format":"standard","meta":{"_acf_changed":false,"footnotes":"","jetpack_publicize_message":"","jetpack_publicize_feature_enabled":true,"jetpack_social_post_already_shared":false,"jetpack_social_options":{"image_generator_settings":{"template":"highway","default_image_id":0,"font":"","enabled":false},"version":2}},"categories":[13],"tags":[6832,24191,24192,23855,408],"naslovna":[],"class_list":["post-925884","post","type-post","status-publish","format-standard","has-post-thumbnail","hentry","category-region","tag-banja-luka","tag-devetomjesecna-beba","tag-gusenje","tag-majka","tag-sloboda"],"acf":[],"jetpack_publicize_connections":[],"_links":{"self":[{"href":"https:\/\/gradski.me\/en\/wp-json\/wp\/v2\/posts\/925884","targetHints":{"allow":["GET"]}}],"collection":[{"href":"https:\/\/gradski.me\/en\/wp-json\/wp\/v2\/posts"}],"about":[{"href":"https:\/\/gradski.me\/en\/wp-json\/wp\/v2\/types\/post"}],"author":[{"embeddable":true,"href":"https:\/\/gradski.me\/en\/wp-json\/wp\/v2\/users\/1"}],"replies":[{"embeddable":true,"href":"https:\/\/gradski.me\/en\/wp-json\/wp\/v2\/comments?post=925884"}],"version-history":[{"count":0,"href":"https:\/\/gradski.me\/en\/wp-json\/wp\/v2\/posts\/925884\/revisions"}],"wp:featuredmedia":[{"embeddable":true,"href":"https:\/\/gradski.me\/en\/wp-json\/wp\/v2\/media\/925885"}],"wp:attachment":[{"href":"https:\/\/gradski.me\/en\/wp-json\/wp\/v2\/media?parent=925884"}],"wp:term":[{"taxonomy":"category","embeddable":true,"href":"https:\/\/gradski.me\/en\/wp-json\/wp\/v2\/categories?post=925884"},{"taxonomy":"post_tag","embeddable":true,"href":"https:\/\/gradski.me\/en\/wp-json\/wp\/v2\/tags?post=925884"},{"taxonomy":"naslovna","embeddable":true,"href":"https:\/\/gradski.me\/en\/wp-json\/wp\/v2\/naslovna?post=925884"}],"curies":[{"name":"wp","href":"https:\/\/api.w.org\/{rel}","templated":true}]}}