{"id":925868,"date":"2025-06-19T19:32:00","date_gmt":"2025-06-19T17:32:00","guid":{"rendered":"https:\/\/gradski.me\/uncategorized\/udruzenje-pravnika-spremni-smo-da-pruzimo-besplatnu-pravnu-pomoc-nastavnom-osoblju-i-studentima-fcjk\/"},"modified":"2025-06-19T19:32:00","modified_gmt":"2025-06-19T17:32:00","slug":"udruzenje-pravnika-spremni-smo-da-pruzimo-besplatnu-pravnu-pomoc-nastavnom-osoblju-i-studentima-fcjk","status":"publish","type":"post","link":"https:\/\/gradski.me\/en\/drustvo\/udruzenje-pravnika-spremni-smo-da-pruzimo-besplatnu-pravnu-pomoc-nastavnom-osoblju-i-studentima-fcjk\/","title":{"rendered":"Udru\u017eenje pravnika: Spremni smo da pru\u017eimo besplatnu pravnu pomo\u0107 nastavnom osoblju i studentima FCJK"},"content":{"rendered":"<p>\u201cOvom prilikom, ukazujemo ukupnoj crnogorskoj javnosti da dr\u017eava u kojoj \u201ccvjetaju\u201d crkve i dogma, a gase se \u0161kole i fakultetski programi ne mo\u017ee imati prosperitet. Posebno to nije mogu\u0107e u dr\u017eavi u kojoj je sve ve\u0107i broj \u201cnosioca javnih funkcija\u201d bez diploma ili sa \u201cfal\u0161\u201d ili kupljenim diplomama, ste\u010denim nakon \u201cdecenijskog\u201d studiranja. Stoga donosiocima odluka kojima se uskra\u0107uje upis 40 studenata na FCJK upu\u0107ujemo rije\u010di Dositeja Obradovi\u0107a: \u201cKnjige bra\u0107o, a ne praporci\u201d, naveli su iz Udru\u017eenja u reagovanju dostavljenom medijima.<\/p>","protected":false},"excerpt":{"rendered":"<p>Iz Udru\u017eenja pravnika Crne Gore iskazali su solidarnost sa nastavnim osobljem i studentima Fakulteta za crnogorski jezik i knji\u017eevnost (FCJK) te istima su spremni pru\u017eiti besplatnu pravnu pomo\u0107 u cilju za\u0161tite njihovih profesionalnih i akademskih prava.<\/p>","protected":false},"author":16,"featured_media":925869,"comment_status":"open","ping_status":"open","sticky":false,"template":"","format":"standard","meta":{"_acf_changed":false,"footnotes":"","jetpack_publicize_message":"","jetpack_publicize_feature_enabled":true,"jetpack_social_post_already_shared":false,"jetpack_social_options":{"image_generator_settings":{"template":"highway","default_image_id":0,"font":"","enabled":false},"version":2}},"categories":[9],"tags":[2012,24186],"naslovna":[],"class_list":["post-925868","post","type-post","status-publish","format-standard","has-post-thumbnail","hentry","category-drustvo","tag-fcjk","tag-udruzenje-pravnika-cg"],"acf":[],"jetpack_publicize_connections":[],"_links":{"self":[{"href":"https:\/\/gradski.me\/en\/wp-json\/wp\/v2\/posts\/925868","targetHints":{"allow":["GET"]}}],"collection":[{"href":"https:\/\/gradski.me\/en\/wp-json\/wp\/v2\/posts"}],"about":[{"href":"https:\/\/gradski.me\/en\/wp-json\/wp\/v2\/types\/post"}],"author":[{"embeddable":true,"href":"https:\/\/gradski.me\/en\/wp-json\/wp\/v2\/users\/16"}],"replies":[{"embeddable":true,"href":"https:\/\/gradski.me\/en\/wp-json\/wp\/v2\/comments?post=925868"}],"version-history":[{"count":0,"href":"https:\/\/gradski.me\/en\/wp-json\/wp\/v2\/posts\/925868\/revisions"}],"wp:featuredmedia":[{"embeddable":true,"href":"https:\/\/gradski.me\/en\/wp-json\/wp\/v2\/media\/925869"}],"wp:attachment":[{"href":"https:\/\/gradski.me\/en\/wp-json\/wp\/v2\/media?parent=925868"}],"wp:term":[{"taxonomy":"category","embeddable":true,"href":"https:\/\/gradski.me\/en\/wp-json\/wp\/v2\/categories?post=925868"},{"taxonomy":"post_tag","embeddable":true,"href":"https:\/\/gradski.me\/en\/wp-json\/wp\/v2\/tags?post=925868"},{"taxonomy":"naslovna","embeddable":true,"href":"https:\/\/gradski.me\/en\/wp-json\/wp\/v2\/naslovna?post=925868"}],"curies":[{"name":"wp","href":"https:\/\/api.w.org\/{rel}","templated":true}]}}