{"id":925807,"date":"2025-06-19T14:16:00","date_gmt":"2025-06-19T12:16:00","guid":{"rendered":"https:\/\/gradski.me\/uncategorized\/katnic-ovo-je-zlocin-tuzilastvo-okrece-javnost-protiv-mene\/"},"modified":"2025-06-19T14:16:00","modified_gmt":"2025-06-19T12:16:00","slug":"katnic-ovo-je-zlocin-tuzilastvo-okrece-javnost-protiv-mene","status":"publish","type":"post","link":"https:\/\/gradski.me\/en\/hronika\/katnic-ovo-je-zlocin-tuzilastvo-okrece-javnost-protiv-mene\/","title":{"rendered":"Katni\u0107: Ovo je zlo\u010din, tu\u017eila\u0161tvo okre\u0107e javnost protiv mene"},"content":{"rendered":"<p><\/p>\n\n\n\n<p>Lazovi\u0107evoj kriminalnoj grupi \u010diji su \u010dlanovi, prema optu\u017enici, i njegov sin Petar i suspendovani specijalni tu\u017eilac Sa\u0161a \u010ca\u0111enovi\u0107, na teret se stavlja da je sara\u0111ivala sa kriminalnim kava\u010dkim klanom odbjeglog Radoja Zvicera, \u010dije pripadnike je, navodno, \u0161titila od krivi\u010dnog gonjenja, a zauzvrat dobijala novac.<\/p>\n\n\n\n<p>Katni\u0107 je danas, u nastavku izno\u0161enja odbrane pred tro\u010dlanim vije\u0107em sudije Vi\u0161eg suda u Podgorici Veljka Radovanovi\u0107a, skoro pet sati analizirao Skaj poruke koje je tu\u017eilac \u0160o\u0161ki\u0107 prilo\u017eio kao dokaz protiv kriminalne organizacije Zorana Lazovi\u0107a.<\/p>\n\n\n\n<p>Biv\u0161i glavni specijalni tu\u017eilac od suda je zatra\u017eio da pribavi kompletnu Skaj komunikaciju direktno od Europola, koja \u0107e, kazao je on, dokazati da nije \u0161titio kriminalce od krivi\u010dnog gonjenja, a po uputstvu i naredbi \u0161efa kriminalne organizacije za \u010dije \u010dlanstvo je optu\u017een.<\/p>\n\n\n\n<p>\u201cTu\u017eila\u0161tvo okre\u0107e javnost protiv mene te\u0161kom zloupotrebom. Ovo nije zloupotreba, ovo je zlo\u010din\u201d, kazao je Katni\u0107.<\/p>\n\n\n\n<p>Vi\u0161e puta ponoviv\u0161i da su optu\u017enicom obuhva\u0107ene falsifikovane Skaj poruke, on je danas iznio sumnju da tu\u017eilac to nije radio sam.<\/p>\n\n\n\n<p>&#8222;Ve\u0107 u saradnji sa saradnicima Europola, koji su mijenjali poruke prije nego su ih slali&#8230;&#8220;, tvrdi Katni\u0107.<\/p>\n\n\n\n<p>On je sudu predlo\u017eio da kao svjedoka saslu\u0161a biv\u0161eg premijera Dritana Abazovi\u0107a, a povodom jedne od Skaj poruka koju je \u0160o\u0161ki\u0107, navodno, izostavio u optu\u017enici.<\/p>\n\n\n\n<p>&#8222;Tu\u017eilac je optu\u017enicom obuhvatio Zvicerovu poruku &#8211; &#8222;dobar je Katni\u0107, \u010dasti mi&#8220;, kao prilog svojoj tvrdnji da sam ih ja \u0161titio. A Zvicer je to napisao nadovezav\u0161i se na poruku koja glasi ovako &#8211; &#8222;danas je Katni\u0107 bio kod Dritana izdajnika. Ali, Dritan nije tvitovao. Katni\u0107 ga u\u0107utkao. Zna mu ne\u0161to&#8220;. To je bila poruka NN lica ispod moje fotografije sa \u010ca\u0111enovi\u0107em, koju je preko Skaja, navodno, poslao Petar Lazovi\u0107&#8220;, ispri\u010dao je Katni\u0107.<\/p>\n\n\n\n<p>Tu\u017eilac \u0160o\u0161ki\u0107, ubije\u0111en je on, izbacio je taj dio prepiske kako bi se stekao utisak da radi za Zvicera.<\/p>\n\n\n\n<p>&#8222;Sa Abazovi\u0107em sam imao vi\u0161e sastanaka, jedan \u010dak i u mojoj ku\u0107i&#8220;, kazao je Katni\u0107, navode\u0107i da ga nikada nije ucjenjivao.<\/p>\n\n\n\n<p>&#8222;Petar obmanjivao Zvicera da bi do\u0161ao do informacija&#8220;<\/p>\n\n\n\n<p>Analiziraju\u0107i komunikaciju sa Skaj aplikacije, Katni\u0107 je rekao da je Petar Lazovi\u0107 obmanjivao Zvicera da je njegov otac Zoran od njega tra\u017eio da od krivi\u010dnog gonjenja za\u0161titi, tako\u0111e, odbjeglog pripadnika kriminalnog kava\u010dkog klana Du\u0161ka Roganovi\u0107a.<\/p>\n\n\n\n<p>&#8222;U prilog tome ide i iskaz svjedoka Milorada \u017di\u017ei\u0107a koji je dao tokom izvi\u0111aja u avgustu 2021. godine. I iz komunikacija Ljuba Milovi\u0107a se vidi da policija nije imala dokaze za gonjenje Roganovi\u0107a. Petar Lazovi\u0107 je obmanjivao Zvicera da su Roganovi\u0107u pomogli preko mene. I Milovi\u0107 i Zvicer su znali da je to Petar lagao&#8220;, rekao je danas Katni\u0107.<\/p>\n\n\n\n<p>Mla\u0111i Lazovi\u0107 se, kazao je on, obmanama slu\u017eio kako bi do\u0161ao do informacija o pripadnicima kava\u010dkog klana, imenima, \u0161tek stanovima&#8230;<\/p>\n\n\n\n<p>&#8222;A koje je u najkra\u0107em roku potom saop\u0161tavao svojim starje\u0161inama. O svemu tome postoje dokazi u spisima ovog i predmeta iz avgusta 2021. godine&#8220;, naveo je Katni\u0107.<\/p>\n\n\n\n<p>\u010ca\u0111enovi\u0107 danas prije su\u0111enja Foto: Libertas Press\/Savo Prelevi\u0107<\/p>\n\n\n\n<p>On je nekoliko puta odbacio optu\u017ebu da je radio za Zvicera koji je, kazao je danas, njega, \u010ca\u0111enovi\u0107a i tada\u0161njeg \u0161efa Specijalnog policijskog odjeljenja Dragana Radonji\u0107a smatrao neprijateljima i progoniteljima.<\/p>\n\n\n\n<p>&#8222;Zvicer je u jednoj poruci napisao da im se namje\u0161ta napad na novinarku Oliveru Laki\u0107, da je oslobo\u0111en Klempo, a to misli na Jovana Vukoti\u0107a, koji mu je pucao na \u017eenu i dijete&#8230; i da ne zna zbog \u010dega se pri\u010da da ih dr\u017eava \u0161titi&#8220;, rekao je Katni\u0107, navode\u0107i da je to jedan od dokaza da nije radio za kriminalni kava\u010dki klan.<\/p>\n\n\n\n<p>Katni\u0107 je danas citirao i poruku koju je odbjegli policajac Ljubo Milovi\u0107, navodno, poslao prilikom dopisivanja sa Zvicerom i Lazovi\u0107em.<\/p>\n\n\n\n<p>\u201cDa je Kata prije dvije god zauzeo stav i podr\u017eao nas, danas bi samo mi bili i vlast bi ostala&#8230; Daku bi poslali na nebo. Svi sre\u0107ni i zadovoljni. To je napisao Milovi\u0107. Tu\u017eilac je, me\u0111utim, izbacio ovo za Daku Davidovi\u0107a. I na osnovu tako izmijenjene poruke ozna\u010dio me je kao pripadnika kriminalne grupe&#8220;, kazao je Katni\u0107.<\/p>\n\n\n\n<p>Milovi\u0107 mu je, rekao je on, zamjerio \u0161to je dvije godine ranije obustavio postupak protiv Davidovi\u0107a zbog vi\u0161emilionske \u0161tete u nik\u0161i\u0107koj \u017deljezari.<\/p>\n\n\n\n<p>&#8222;I \u0161to ga nijesam poslao u Spu\u017e&#8230;&#8220;, naveo je Katni\u0107.<\/p>\n\n\n\n<p>On tvrdi da su iz optu\u017enice izostavljene i poruke kojima se potvr\u0111uje da je, navodno, planirano njegovo ubistvo i napad na \u010ca\u0111enovi\u0107a.<\/p>\n\n\n\n<p>Vije\u0107e sudije Radovanovi\u0107a danas je odbilo prijedlog odbrane da \u010ca\u0111enovi\u0107u ukine zabranu napu\u0161tanja stana, koja mu je izre\u010dena u julu pro\u0161le godine nakon \u0161to je pu\u0161ten iz spu\u0161kog pritvora u kojem je proveo 19 mjeseci.<\/p>\n\n\n\n<p>&#8222;I dalje postoji opasnost od bjekstva&#8220;, obrazlo\u017eio je Radovanovi\u0107.<\/p>\n\n\n\n<p>Za razliku od \u010ca\u0111enovi\u0107a, u pritvoru se i dalje nalaze njegovi navodni drugovi iz kriminalne grupe &#8211; Zoran Lazovi\u0107 i Katni\u0107 su u Spu\u017eu od 14. aprila pro\u0161le godine, a Petar Lazovi\u0107 od 18. jula 2022.<\/p>\n\n\n\n<p>Su\u0111enje se nastavlja 24. jula.<\/p>","protected":false},"excerpt":{"rendered":"<p>Nekada\u0161nji glavni specijalni tu\u017eilac Milivoje Katni\u0107 optu\u017eio je danas biv\u0161eg kolegu, specijalnog tu\u017eioca Milo\u0161a \u0160o\u0161ki\u0107a, da je falsifikovao i izmijenio poruke sa Skaj komunikacije, a neke od njih i sakrio, sa ciljem da ga na osnovu takvog materijala uhapsi zbog sumnje da je pripadnik kriminalne organizacije koju je, navodno, formirao biv\u0161i policijski funkcioner Zoran Lazovi\u0107.<\/p>","protected":false},"author":16,"featured_media":925808,"comment_status":"open","ping_status":"open","sticky":false,"template":"","format":"standard","meta":{"_acf_changed":false,"footnotes":"","jetpack_publicize_message":"","jetpack_publicize_feature_enabled":true,"jetpack_social_post_already_shared":false,"jetpack_social_options":{"image_generator_settings":{"template":"highway","default_image_id":0,"font":"","enabled":false},"version":2}},"categories":[10],"tags":[22350,380],"naslovna":[],"class_list":["post-925807","post","type-post","status-publish","format-standard","has-post-thumbnail","hentry","category-hronika","tag-milivoj-katnic","tag-tuzilastvo"],"acf":[],"jetpack_publicize_connections":[],"_links":{"self":[{"href":"https:\/\/gradski.me\/en\/wp-json\/wp\/v2\/posts\/925807","targetHints":{"allow":["GET"]}}],"collection":[{"href":"https:\/\/gradski.me\/en\/wp-json\/wp\/v2\/posts"}],"about":[{"href":"https:\/\/gradski.me\/en\/wp-json\/wp\/v2\/types\/post"}],"author":[{"embeddable":true,"href":"https:\/\/gradski.me\/en\/wp-json\/wp\/v2\/users\/16"}],"replies":[{"embeddable":true,"href":"https:\/\/gradski.me\/en\/wp-json\/wp\/v2\/comments?post=925807"}],"version-history":[{"count":0,"href":"https:\/\/gradski.me\/en\/wp-json\/wp\/v2\/posts\/925807\/revisions"}],"wp:featuredmedia":[{"embeddable":true,"href":"https:\/\/gradski.me\/en\/wp-json\/wp\/v2\/media\/925808"}],"wp:attachment":[{"href":"https:\/\/gradski.me\/en\/wp-json\/wp\/v2\/media?parent=925807"}],"wp:term":[{"taxonomy":"category","embeddable":true,"href":"https:\/\/gradski.me\/en\/wp-json\/wp\/v2\/categories?post=925807"},{"taxonomy":"post_tag","embeddable":true,"href":"https:\/\/gradski.me\/en\/wp-json\/wp\/v2\/tags?post=925807"},{"taxonomy":"naslovna","embeddable":true,"href":"https:\/\/gradski.me\/en\/wp-json\/wp\/v2\/naslovna?post=925807"}],"curies":[{"name":"wp","href":"https:\/\/api.w.org\/{rel}","templated":true}]}}