{"id":925784,"date":"2025-06-19T13:23:39","date_gmt":"2025-06-19T11:23:39","guid":{"rendered":"https:\/\/gradski.me\/uncategorized\/gojko-perovic-pravosnazno-dobio-drzavu\/"},"modified":"2025-06-19T13:23:39","modified_gmt":"2025-06-19T11:23:39","slug":"gojko-perovic-pravosnazno-dobio-drzavu","status":"publish","type":"post","link":"https:\/\/gradski.me\/en\/hronika\/gojko-perovic-pravosnazno-dobio-drzavu\/","title":{"rendered":"Gojko Perovi\u0107 pravosna\u017eno dobio dr\u017eavu"},"content":{"rendered":"<p><\/p>\n\n\n\n<p>U presudi se navodi da je Perovi\u0107u i njegovoj porodici nanesena ogromna moralna \u0161teta.<\/p>\n\n\n\n<p>&#8222;Pravilno je postupio prvostepeni sud kada je na\u0161ao da u konkretnoj pravnoj stvari postoji odgovornost dr\u017eave za prouzrokovanu nematerijalnu \u0161tetu, jer ista, preko nadle\u017enog Ministarstva javne uprave, digitalnog dru\u0161tva i medija nije vr\u0161ila povjerene joj funkcije (\u2026) budu\u0107i da nije preduzela mjere prema elektronskoj publikaciji \u2013 portalu Udar.me na na\u010din \u0161to bi onemogu\u0107ila dalje objavljivanje elektronske publikacije, te utvrdila vlasnika i lica koja su ure\u0111ivala njen sadr\u017eaj\u201d, istakli su u obrazlo\u017eenju odluke Vi\u0161eg suda.<\/p>\n\n\n\n<p>Nagla\u0161ava se i da je Ministarstvo kulture i medija imalo obavezu da obezbijedi po\u0161tovanje zakona.<\/p>\n\n\n\n<p>&#8222;Nije sporno da je obaveza dr\u017eave preko nadle\u017enog organa javne uprave (ministarstva) bila da u smislu relevantnih odredbi Zakona o medijima, po\u010dev od 14. avgusta 2020. vodi evidenciju o medijima, pa samim rim i podatke o osniva\u010du i glavnom uuredniku mediju, pa u tom smislu, postoji i obaveza pokretanja postupka izricanja nov\u010danih kazni u slu\u010dajevima, izme\u0111u ostalog, neobjavljivanja sadr\u017eaja impresuma&#8220;, dodaje se u presudi.<\/p>\n\n\n\n<p>Kako su naveli, tu\u017eena nije preduzela nijednu mjeru kako bi utvrdila ko je osniva\u010d tog portala.<\/p>\n\n\n\n<p>U dokumentu je nagla\u0161eno da sve upu\u0107uje na namjere da se u javnosti stvori negativan utisak o Perovi\u0107u i da se diskredituje njegova li\u010dnost.<\/p>\n\n\n\n<p><\/p>","protected":false},"excerpt":{"rendered":"<p>Vi\u0161i sud u Podgorici potvrdio je presudu Osnovnog suda u slu\u010daju koji je sve\u0161tenik Mitropolije crnogorsko-primorske Gojko Perovi\u0107 pokrenuo protiv dr\u017eave, jer je bio meta napada portala &#8222;Udar&#8220;, koji se pojavio pred parlamentarne izbore 2020. godine, potvrdio je Gradskom portalu njegov advokat Nikola Angelovski.<\/p>","protected":false},"author":16,"featured_media":918168,"comment_status":"open","ping_status":"open","sticky":false,"template":"","format":"standard","meta":{"_acf_changed":false,"footnotes":"","jetpack_publicize_message":"","jetpack_publicize_feature_enabled":true,"jetpack_social_post_already_shared":false,"jetpack_social_options":{"image_generator_settings":{"template":"highway","default_image_id":0,"font":"","enabled":false},"version":2}},"categories":[10],"tags":[973,948,14036],"naslovna":[],"class_list":["post-925784","post","type-post","status-publish","format-standard","has-post-thumbnail","hentry","category-hronika","tag-gojko-perovic","tag-presuda","tag-visi-sud"],"acf":[],"jetpack_publicize_connections":[],"_links":{"self":[{"href":"https:\/\/gradski.me\/en\/wp-json\/wp\/v2\/posts\/925784","targetHints":{"allow":["GET"]}}],"collection":[{"href":"https:\/\/gradski.me\/en\/wp-json\/wp\/v2\/posts"}],"about":[{"href":"https:\/\/gradski.me\/en\/wp-json\/wp\/v2\/types\/post"}],"author":[{"embeddable":true,"href":"https:\/\/gradski.me\/en\/wp-json\/wp\/v2\/users\/16"}],"replies":[{"embeddable":true,"href":"https:\/\/gradski.me\/en\/wp-json\/wp\/v2\/comments?post=925784"}],"version-history":[{"count":0,"href":"https:\/\/gradski.me\/en\/wp-json\/wp\/v2\/posts\/925784\/revisions"}],"wp:featuredmedia":[{"embeddable":true,"href":"https:\/\/gradski.me\/en\/wp-json\/wp\/v2\/media\/918168"}],"wp:attachment":[{"href":"https:\/\/gradski.me\/en\/wp-json\/wp\/v2\/media?parent=925784"}],"wp:term":[{"taxonomy":"category","embeddable":true,"href":"https:\/\/gradski.me\/en\/wp-json\/wp\/v2\/categories?post=925784"},{"taxonomy":"post_tag","embeddable":true,"href":"https:\/\/gradski.me\/en\/wp-json\/wp\/v2\/tags?post=925784"},{"taxonomy":"naslovna","embeddable":true,"href":"https:\/\/gradski.me\/en\/wp-json\/wp\/v2\/naslovna?post=925784"}],"curies":[{"name":"wp","href":"https:\/\/api.w.org\/{rel}","templated":true}]}}