{"id":925606,"date":"2025-06-18T17:36:00","date_gmt":"2025-06-18T15:36:00","guid":{"rendered":"https:\/\/gradski.me\/uncategorized\/vuckovic-trava-na-stadionu-trebalo-da-bude-postavljena-do-sredine-juna-zbog-kasnjenja-materijala-rok-pomjeren-za-15-jul\/"},"modified":"2025-06-18T17:36:00","modified_gmt":"2025-06-18T15:36:00","slug":"vuckovic-trava-na-stadionu-trebalo-da-bude-postavljena-do-sredine-juna-zbog-kasnjenja-materijala-rok-pomjeren-za-15-jul","status":"publish","type":"post","link":"https:\/\/gradski.me\/en\/podgorica\/vuckovic-trava-na-stadionu-trebalo-da-bude-postavljena-do-sredine-juna-zbog-kasnjenja-materijala-rok-pomjeren-za-15-jul\/","title":{"rendered":"Vu\u010dkovi\u0107: Trava na Stadionu trebalo da bude postavljena do sredine juna, zbog ka\u0161njenja materijala rok pomjeren za 15. jul"},"content":{"rendered":"<p><\/p>\n\n\n\n<p>Travnata podloga na Stadionu pod Goricom trebalo je da bude postavljena do sredine juna, ali je zbog ka\u0161njenja materijala taj rok pomjeren za 15. jul, kazao Vu\u010dkovi\u0107.<\/p>\n\n\n\n<p>\u2018\u2019Bilo je predvi\u0111eno za 12. Jun da bude gotova podloga, me\u0111utim nije do izvo\u0111a\u010da radova nego je do nas jer pijesak koji je trebao da bude obezbje\u0111en iz Ulcinja nije bio na vijeme, a onda je taj pijesak trebalo oprati jer takav pijesak kakav je &#8211; nije mogao da se koristi za ovaj teren\u2018\u2019, naveo je Vu\u010dkovi\u0107.<\/p>\n\n\n\n<p>Povr\u0161ina terena dugo nije mijenjana \u0161to je dodatno ote\u017eavalo radove, navodi Vu\u010dkovi\u0107 i dodaje da se trava nije&nbsp; mogla sanirati.<\/p>\n\n\n\n<p>&#8220;Kao \u0161to je pro\u0161li put bilo 10 godina da se ne promijeni teren, to je stvarno katastrofa. Taj teren je bio obolio od milion bolesti. Ja sam dovodio \u010dovjeka koji je profesor i najve\u0107i stru\u010dnjak za za\u0161titu bilja u Crnoj Gori i koji je rekao da njemu nema popravke, da je on toliko obolio od raznih korovnih biljaka da se mora promijeniti&#8220;, istakao je Vu\u010dkovi\u0107.<\/p>\n\n\n\n<p>Tro\u0161kovi za ugradnju podloge ve\u0107i su od tri stotine hiljada eura, a pored glavnih radova, planirana je i kupovina dodatnih ma\u0161ina za odr\u017eavanje travnjaka.<\/p>\n\n\n\n<p>&#8220;Samo postavljanje terena je oko 360 hiljada, bilo je tu jo\u0161 nekih tro\u0161kova vezano za prevoz pijeska iz Ulcinja, a bi\u0107e jo\u0161 nekih tro\u0161kova vezanih za kupovinu dvije rotacione kosa\u010dice&#8220;, naveo je Vu\u010dkovi\u0107.<\/p>\n\n\n\n<p>Uz zna\u010dajna ulaganja i modernu opremu, Stadion pod Goricom bi\u0107e spreman za nove sportske izazove, poru\u010dio je Vu\u010dkovi\u0107.<\/p>\n\n\n\n<figure class=\"wp-block-embed is-type-video is-provider-youtube wp-block-embed-youtube wp-embed-aspect-16-9 wp-has-aspect-ratio\"><div class=\"wp-block-embed__wrapper\">\n<iframe title=\"&#039;&#039;Travnata podloga na Stadionu pod Goricom trebalo da bude postavljena do sredine juna&#039;&#039;\" width=\"800\" height=\"450\" src=\"https:\/\/www.youtube.com\/embed\/d4TDLABLCPg?feature=oembed\" frameborder=\"0\" allow=\"accelerometer; autoplay; clipboard-write; encrypted-media; gyroscope; picture-in-picture; web-share\" referrerpolicy=\"strict-origin-when-cross-origin\" allowfullscreen><\/iframe>\n<\/div><\/figure>","protected":false},"excerpt":{"rendered":"<p>Zavr\u0161etak radova na novoj travnatoj podlozi stadiona pod Goricom pomjeren je do sredine jula zbog nepredvi\u0111enih zastoja u isporuci klju\u010dnih materijala. Kako dodaje izvr\u0161ni direktor Sportskih objekata Aleksandar Vu\u010dkovi\u0107, nova oprema za odr\u017eavanje terena donije\u0107e svje\u017einu i kvalitet sportskim kapacitetima glavnog grada.<\/p>","protected":false},"author":1,"featured_media":925607,"comment_status":"open","ping_status":"open","sticky":false,"template":"","format":"standard","meta":{"_acf_changed":false,"footnotes":"","jetpack_publicize_message":"","jetpack_publicize_feature_enabled":true,"jetpack_social_post_already_shared":false,"jetpack_social_options":{"image_generator_settings":{"template":"highway","default_image_id":0,"font":"","enabled":false},"version":2}},"categories":[6],"tags":[23166,24111,24112,12814,24113],"naslovna":[],"class_list":["post-925606","post","type-post","status-publish","format-standard","has-post-thumbnail","hentry","category-podgorica","tag-aleksandar-vuckovic","tag-kasnjenje-materijala","tag-sredina-juna","tag-stadion","tag-travnata-podloga"],"acf":[],"jetpack_publicize_connections":[],"_links":{"self":[{"href":"https:\/\/gradski.me\/en\/wp-json\/wp\/v2\/posts\/925606","targetHints":{"allow":["GET"]}}],"collection":[{"href":"https:\/\/gradski.me\/en\/wp-json\/wp\/v2\/posts"}],"about":[{"href":"https:\/\/gradski.me\/en\/wp-json\/wp\/v2\/types\/post"}],"author":[{"embeddable":true,"href":"https:\/\/gradski.me\/en\/wp-json\/wp\/v2\/users\/1"}],"replies":[{"embeddable":true,"href":"https:\/\/gradski.me\/en\/wp-json\/wp\/v2\/comments?post=925606"}],"version-history":[{"count":0,"href":"https:\/\/gradski.me\/en\/wp-json\/wp\/v2\/posts\/925606\/revisions"}],"wp:featuredmedia":[{"embeddable":true,"href":"https:\/\/gradski.me\/en\/wp-json\/wp\/v2\/media\/925607"}],"wp:attachment":[{"href":"https:\/\/gradski.me\/en\/wp-json\/wp\/v2\/media?parent=925606"}],"wp:term":[{"taxonomy":"category","embeddable":true,"href":"https:\/\/gradski.me\/en\/wp-json\/wp\/v2\/categories?post=925606"},{"taxonomy":"post_tag","embeddable":true,"href":"https:\/\/gradski.me\/en\/wp-json\/wp\/v2\/tags?post=925606"},{"taxonomy":"naslovna","embeddable":true,"href":"https:\/\/gradski.me\/en\/wp-json\/wp\/v2\/naslovna?post=925606"}],"curies":[{"name":"wp","href":"https:\/\/api.w.org\/{rel}","templated":true}]}}