{"id":925358,"date":"2025-06-17T14:17:38","date_gmt":"2025-06-17T12:17:38","guid":{"rendered":"https:\/\/gradski.me\/uncategorized\/glavni-grad-predao-aplikaciju-za-drugi-krug-kandidature-za-evropsku-prijestonicu-mladih-2028\/"},"modified":"2025-06-17T14:17:38","modified_gmt":"2025-06-17T12:17:38","slug":"glavni-grad-predao-aplikaciju-za-drugi-krug-kandidature-za-evropsku-prijestonicu-mladih-2028","status":"publish","type":"post","link":"https:\/\/gradski.me\/en\/podgorica\/glavni-grad-predao-aplikaciju-za-drugi-krug-kandidature-za-evropsku-prijestonicu-mladih-2028\/","title":{"rendered":"Glavni grad predao aplikaciju za drugi krug kandidature za Evropsku prijestonicu mladih 2028"},"content":{"rendered":"<p>U saop\u0161tenju Glavnog grada se navodi da je kandidaturu inicirala predsjednica Skup\u0161tine Glavnog grada, dr Jelena Borovini\u0107 Bojovi\u0107.<br><br>&#8222;Proces pripreme aplikacije sproveden je kroz intenzivnu saradnju razli\u010ditih sektora i aktera. Radna grupa koja je radila na izradi aplikacije okupila je predstavnike Skup\u0161tine Glavnog grada, Kancelarije za mlade, Ministarstva sporta i mladih, nadle\u017enih sekretarijata i slu\u017ebi Glavnog grada, kao i predstavnike omladinskog i civilnog sektora&#8220;, navode iz Glavnog grada.<\/p>\n\n\n\n<p>U\u010de\u0161\u0107e organizacija kao \u0161to su Mre\u017ea za mlade Crne Gore, NVO CAZAS, Centar za omladinsku edukaciju i Studentski parlament, kako ka\u017eu, dalo je dodatnu vrijednost ovom procesu, doprinose\u0107i kvalitetnijem sadr\u017eaju aplikacije kroz multisektorski i participativni pristup. <br><br>&#8222;Posebnu zahvalnost Glavni grad upu\u0107uje Kancelariji za mlade u okviru Sekretarijata za lokalnu samoupravu i saradnju sa civilnim dru\u0161tvom, koja je imala klju\u010dnu ulogu u procesu unapre\u0111enja aplikacije, u skladu s potrebama i prioritetima mladih. Zahvalnost izra\u017eavamo i Ministarstvu sporta i mladih, Ministarstvu evropskih poslova, Ministarstvu vanjskih poslova, kao i brojnim me\u0111unarodnim partnerima koji su pru\u017eili podr\u0161ku i prepoznali zna\u010daj ove kandidature&#8220;, stoji u saop\u0161tenju.<\/p>\n\n\n\n<p>Kandidatura Podgorice za Evropsku prijestonicu mladih 2028. godine, dodaju, predstavlja va\u017ean korak u pravcu evropskih integracija, ja\u010danja dru\u0161tvene kohezije i stvaranja novih prilika za mlade ljude. <br><br>&#8222;Ovaj proces afirmi\u0161e opredijeljenost Glavnog grada da gradi inkluzivno, otvoreno i aktivno dru\u0161tvo, oslonjeno na potencijale mladih generacija&#8220;, navode iz Glavnog grada.<\/p>\n\n\n\n<p>Glavni grad, dodaju, nastavlja da sa posve\u0107eno\u0161\u0107u radi na ja\u010danju uloge mladih u svim sferama dru\u0161tva, vjeruju\u0107i da \u0107e nastavak procesa donijeti Podgorici ne samo me\u0111unarodno priznanje, ve\u0107 i konkretne razvojne koristi i nova partnerstva za budu\u0107nost.<\/p>\n\n\n\n<p>&#8222;U narednoj fazi kandidature, Podgoricu o\u010dekuje intenzivan period pripreme za finalni krug selekcije, koji uklju\u010duje dodatnu razradu predlo\u017eenih programa, konkretizaciju planiranih aktivnosti i ja\u010danje me\u0111unarodnih i lokalnih partnerstava. Odluka o gradu koji \u0107e ponijeti titulu Evropske prijestonice mladih 2028. godine o\u010dekuje se krajem ove godine. Sve aktivnosti koje se ti\u010du Evropske prijestonice mladih ubudu\u0107e se mogu pratiti putem sajta, koji je kreiran za kandidaturu&#8220;, zaklju\u010duje se u saop\u0161tenju.<\/p>","protected":false},"excerpt":{"rendered":"<p>Glavni grad Podgorica zvani\u010dno je predao aplikaciju za drugi krug takmi\u010denja za titulu Evropske prijestonice mladih 2028. godine, \u010dime je nastavljen proces strate\u0161kog pozicioniranja Podgorice kao grada koji ula\u017ee u razvoj omladinskih politika i aktivno radi na osna\u017eivanju mladih<\/p>","protected":false},"author":18,"featured_media":925359,"comment_status":"open","ping_status":"open","sticky":false,"template":"","format":"standard","meta":{"_acf_changed":false,"footnotes":"","jetpack_publicize_message":"","jetpack_publicize_feature_enabled":true,"jetpack_social_post_already_shared":false,"jetpack_social_options":{"image_generator_settings":{"template":"highway","default_image_id":0,"font":"","enabled":false},"version":2}},"categories":[6],"tags":[13904,28],"naslovna":[],"class_list":["post-925358","post","type-post","status-publish","format-standard","has-post-thumbnail","hentry","category-podgorica","tag-evropska-prijestonica-mladih","tag-podgorica"],"acf":[],"jetpack_publicize_connections":[],"_links":{"self":[{"href":"https:\/\/gradski.me\/en\/wp-json\/wp\/v2\/posts\/925358","targetHints":{"allow":["GET"]}}],"collection":[{"href":"https:\/\/gradski.me\/en\/wp-json\/wp\/v2\/posts"}],"about":[{"href":"https:\/\/gradski.me\/en\/wp-json\/wp\/v2\/types\/post"}],"author":[{"embeddable":true,"href":"https:\/\/gradski.me\/en\/wp-json\/wp\/v2\/users\/18"}],"replies":[{"embeddable":true,"href":"https:\/\/gradski.me\/en\/wp-json\/wp\/v2\/comments?post=925358"}],"version-history":[{"count":0,"href":"https:\/\/gradski.me\/en\/wp-json\/wp\/v2\/posts\/925358\/revisions"}],"wp:featuredmedia":[{"embeddable":true,"href":"https:\/\/gradski.me\/en\/wp-json\/wp\/v2\/media\/925359"}],"wp:attachment":[{"href":"https:\/\/gradski.me\/en\/wp-json\/wp\/v2\/media?parent=925358"}],"wp:term":[{"taxonomy":"category","embeddable":true,"href":"https:\/\/gradski.me\/en\/wp-json\/wp\/v2\/categories?post=925358"},{"taxonomy":"post_tag","embeddable":true,"href":"https:\/\/gradski.me\/en\/wp-json\/wp\/v2\/tags?post=925358"},{"taxonomy":"naslovna","embeddable":true,"href":"https:\/\/gradski.me\/en\/wp-json\/wp\/v2\/naslovna?post=925358"}],"curies":[{"name":"wp","href":"https:\/\/api.w.org\/{rel}","templated":true}]}}