{"id":925004,"date":"2025-06-16T07:20:00","date_gmt":"2025-06-16T05:20:00","guid":{"rendered":"https:\/\/gradski.me\/uncategorized\/budva-stari-grad-bez-vode-do-15-casova\/"},"modified":"2025-06-16T07:20:00","modified_gmt":"2025-06-16T05:20:00","slug":"budva-stari-grad-bez-vode-do-15-casova","status":"publish","type":"post","link":"https:\/\/gradski.me\/en\/drustvo\/budva-stari-grad-bez-vode-do-15-casova\/","title":{"rendered":"Budva: Stari grad bez vode do 15 \u010dasova"},"content":{"rendered":"<p><\/p>\n\n\n\n<p>Kako navode, ekipe za sanaciju su na terenu od ranih jutranjih sati i ve\u0107 uveliko se trude da kvar \u0161to br\u017ee otklone.<\/p>\n\n\n\n<p>&#8222;Radi \u0161to lak\u0161eg prevazila\u017eenja prekida u snabdijevanju, vozilo Slu\u017ebe za\u0161tite i spa\u0161avanja parkirano je na vidnom mjestu. Potro\u0161a\u010de molimo za razumijevanje&#8220;, zaklju\u010duje se u saop\u0161tenju.<\/p>","protected":false},"excerpt":{"rendered":"<p>Zbog havarije na vodovodnoj mre\u017ei, korisnici u Starom gradu, kao i obli\u017enji ugostiteljski i turisti\u010dki objekti, ne\u0107e imati vodu danas do 15 \u010dasova, saop\u0161tili su iz budvanskog Vodovoda.<\/p>","protected":false},"author":16,"featured_media":925005,"comment_status":"open","ping_status":"open","sticky":false,"template":"","format":"standard","meta":{"_acf_changed":false,"footnotes":"","jetpack_publicize_message":"","jetpack_publicize_feature_enabled":true,"jetpack_social_post_already_shared":false,"jetpack_social_options":{"image_generator_settings":{"template":"highway","default_image_id":0,"font":"","enabled":false},"version":2}},"categories":[9],"tags":[925,23927],"naslovna":[],"class_list":["post-925004","post","type-post","status-publish","format-standard","has-post-thumbnail","hentry","category-drustvo","tag-budva","tag-vodovodna-mreza"],"acf":[],"jetpack_publicize_connections":[],"_links":{"self":[{"href":"https:\/\/gradski.me\/en\/wp-json\/wp\/v2\/posts\/925004","targetHints":{"allow":["GET"]}}],"collection":[{"href":"https:\/\/gradski.me\/en\/wp-json\/wp\/v2\/posts"}],"about":[{"href":"https:\/\/gradski.me\/en\/wp-json\/wp\/v2\/types\/post"}],"author":[{"embeddable":true,"href":"https:\/\/gradski.me\/en\/wp-json\/wp\/v2\/users\/16"}],"replies":[{"embeddable":true,"href":"https:\/\/gradski.me\/en\/wp-json\/wp\/v2\/comments?post=925004"}],"version-history":[{"count":0,"href":"https:\/\/gradski.me\/en\/wp-json\/wp\/v2\/posts\/925004\/revisions"}],"wp:featuredmedia":[{"embeddable":true,"href":"https:\/\/gradski.me\/en\/wp-json\/wp\/v2\/media\/925005"}],"wp:attachment":[{"href":"https:\/\/gradski.me\/en\/wp-json\/wp\/v2\/media?parent=925004"}],"wp:term":[{"taxonomy":"category","embeddable":true,"href":"https:\/\/gradski.me\/en\/wp-json\/wp\/v2\/categories?post=925004"},{"taxonomy":"post_tag","embeddable":true,"href":"https:\/\/gradski.me\/en\/wp-json\/wp\/v2\/tags?post=925004"},{"taxonomy":"naslovna","embeddable":true,"href":"https:\/\/gradski.me\/en\/wp-json\/wp\/v2\/naslovna?post=925004"}],"curies":[{"name":"wp","href":"https:\/\/api.w.org\/{rel}","templated":true}]}}